{"id":634,"date":"2009-11-27T00:08:00","date_gmt":"2009-11-26T23:08:00","guid":{"rendered":"https:\/\/www.canal-literatura.es\/Apoesia5\/?p=634"},"modified":"2010-02-02T01:17:03","modified_gmt":"2010-02-02T00:17:03","slug":"130-las-palabras-que-me-habitan-por-virginia-bravo","status":"publish","type":"post","link":"https:\/\/www.canal-literatura.es\/Apoesia5\/130-las-palabras-que-me-habitan-por-virginia-bravo\/","title":{"rendered":"130- Las palabras que  me habitan. Por Virginia Bravo"},"content":{"rendered":"<p align=\"right\"><em><span style=\"color: #808080;\">\u00abMis palabras me sorprenden a m\u00ed mismo<br \/>\n\u00a0y me ense\u00f1an mi pensamiento\u00bb<br \/>\n(Jacques Derrida<\/span>)<\/em><\/p>\n<p>Las palabras me requieren, me previenen, me alertan.<!--more--><\/p>\n<p>Hablan de m\u00ed.<\/p>\n<p>Las palabras son muchas y en ellas, mil identidades.<\/p>\n<p>En ocasiones, las m\u00e1s sensibles se vuelven piedra.<\/p>\n<p>\u00a0<\/p>\n<p>\u00bfQu\u00e9 ser\u00eda de m\u00ed sin su equilibrio?<\/p>\n<p>\u00a0<\/p>\n<p>Hoy he plantado vocales y consonantes en mi jard\u00edn.<\/p>\n<p>Quiero construir un planeta de palabras que me nutra.<\/p>\n<p>Pasearme por los caminos de sus historias y<\/p>\n<p>transformar el mundo.<\/p>\n<p>\u00a0<\/p>\n<p>Ma\u00f1ana, los primeros brotes trepar\u00e1n hacia la luz.<\/p>\n<p>Y cuando el proceso haya terminado<\/p>\n<p>no ser\u00e9 yo quien las cobije, ser\u00e1n ellas,<\/p>\n<p>siempre ellas,<\/p>\n<p>\u00a0\u00a0\u00a0\u00a0\u00a0\u00a0\u00a0\u00a0\u00a0\u00a0\u00a0\u00a0\u00a0\u00a0\u00a0\u00a0\u00a0\u00a0\u00a0\u00a0\u00a0 las que me refugien.<\/p>\n","protected":false},"excerpt":{"rendered":"<p>\u00abMis palabras me sorprenden a m\u00ed mismo \u00a0y me ense\u00f1an mi pensamiento\u00bb (Jacques Derrida) Las palabras me requieren, me previenen, me alertan.<\/p>\n","protected":false},"author":1,"featured_media":0,"comment_status":"open","ping_status":"open","sticky":false,"template":"","format":"standard","meta":[],"categories":[7,4],"tags":[],"amp_enabled":true,"_links":{"self":[{"href":"https:\/\/www.canal-literatura.es\/Apoesia5\/wp-json\/wp\/v2\/posts\/634"}],"collection":[{"href":"https:\/\/www.canal-literatura.es\/Apoesia5\/wp-json\/wp\/v2\/posts"}],"about":[{"href":"https:\/\/www.canal-literatura.es\/Apoesia5\/wp-json\/wp\/v2\/types\/post"}],"author":[{"embeddable":true,"href":"https:\/\/www.canal-literatura.es\/Apoesia5\/wp-json\/wp\/v2\/users\/1"}],"replies":[{"embeddable":true,"href":"https:\/\/www.canal-literatura.es\/Apoesia5\/wp-json\/wp\/v2\/comments?post=634"}],"version-history":[{"count":0,"href":"https:\/\/www.canal-literatura.es\/Apoesia5\/wp-json\/wp\/v2\/posts\/634\/revisions"}],"wp:attachment":[{"href":"https:\/\/www.canal-literatura.es\/Apoesia5\/wp-json\/wp\/v2\/media?parent=634"}],"wp:term":[{"taxonomy":"category","embeddable":true,"href":"https:\/\/www.canal-literatura.es\/Apoesia5\/wp-json\/wp\/v2\/categories?post=634"},{"taxonomy":"post_tag","embeddable":true,"href":"https:\/\/www.canal-literatura.es\/Apoesia5\/wp-json\/wp\/v2\/tags?post=634"}],"curies":[{"name":"wp","href":"https:\/\/api.w.org\/{rel}","templated":true}]}}