{"id":709,"date":"2009-11-29T12:06:25","date_gmt":"2009-11-29T11:06:25","guid":{"rendered":"https:\/\/www.canal-literatura.es\/Apoesia5\/?p=709"},"modified":"2009-11-29T12:06:25","modified_gmt":"2009-11-29T11:06:25","slug":"154-ella-por-adan-adan","status":"publish","type":"post","link":"https:\/\/www.canal-literatura.es\/Apoesia5\/154-ella-por-adan-adan\/","title":{"rendered":"154- Ella. Por Ad\u00e1n Ad\u00e1n"},"content":{"rendered":"<p style=\"text-align: center;\"><em>\u201c\u2026Sin rostro y a la sombra de las nubes,<br \/>\nse dorm\u00eda con el mecer de las olas\u2026<!--more--><br \/>\npensando que las caracolas<br \/>\nsuenan a cielo\u2026<br \/>\n\u00a1Oh!!! No est\u00e1n maduras\u2026<\/em><\/p>\n<p style=\"text-align: center;\"><em>Solo que al final y sin respuesta,<br \/>\ncay\u00f3 poquito a poquito,<br \/>\ny vi\u00e9ndose as\u00ed, llam\u00f3 sin fuerzas:<br \/>\n\u00a1Muerte! \u00a1muerte!<br \/>\n\u00bfD\u00f3nde est\u00e1s?<\/em><\/p>\n<p style=\"text-align: center;\"><em>Hasta que apareci\u00f3.<\/em><\/p>\n<p style=\"text-align: center;\"><em>Y ella no era fea, ni estaba armada.<br \/>\nS\u00f3lo ofrec\u00eda su larga palma emplumada.<br \/>\nY con los ojos cansados,<br \/>\nlleno m\u00e1s de amor que de obediencia\u2026<br \/>\nescuch\u00f3:<br \/>\n-\u00bfQu\u00e9 quieres?<br \/>\nY humilde le respondi\u00f3:<br \/>\n\u00a1Que me lleves al cielo!<\/em><\/p>\n<p style=\"text-align: center;\"><em>Y as\u00ed, medio desamparado,<br \/>\nse duerme \u00c9l con las estrellas.<br \/>\nLa vida siempre amable,<br \/>\nya no necesita su nave,<br \/>\nfue a morar eternamente con ella\u201d.<\/em><\/p>\n","protected":false},"excerpt":{"rendered":"<p>\u201c\u2026Sin rostro y a la sombra de las nubes, se dorm\u00eda con el mecer de las olas\u2026<\/p>\n","protected":false},"author":1,"featured_media":0,"comment_status":"open","ping_status":"open","sticky":false,"template":"","format":"standard","meta":[],"categories":[4],"tags":[],"amp_enabled":true,"_links":{"self":[{"href":"https:\/\/www.canal-literatura.es\/Apoesia5\/wp-json\/wp\/v2\/posts\/709"}],"collection":[{"href":"https:\/\/www.canal-literatura.es\/Apoesia5\/wp-json\/wp\/v2\/posts"}],"about":[{"href":"https:\/\/www.canal-literatura.es\/Apoesia5\/wp-json\/wp\/v2\/types\/post"}],"author":[{"embeddable":true,"href":"https:\/\/www.canal-literatura.es\/Apoesia5\/wp-json\/wp\/v2\/users\/1"}],"replies":[{"embeddable":true,"href":"https:\/\/www.canal-literatura.es\/Apoesia5\/wp-json\/wp\/v2\/comments?post=709"}],"version-history":[{"count":0,"href":"https:\/\/www.canal-literatura.es\/Apoesia5\/wp-json\/wp\/v2\/posts\/709\/revisions"}],"wp:attachment":[{"href":"https:\/\/www.canal-literatura.es\/Apoesia5\/wp-json\/wp\/v2\/media?parent=709"}],"wp:term":[{"taxonomy":"category","embeddable":true,"href":"https:\/\/www.canal-literatura.es\/Apoesia5\/wp-json\/wp\/v2\/categories?post=709"},{"taxonomy":"post_tag","embeddable":true,"href":"https:\/\/www.canal-literatura.es\/Apoesia5\/wp-json\/wp\/v2\/tags?post=709"}],"curies":[{"name":"wp","href":"https:\/\/api.w.org\/{rel}","templated":true}]}}