{"id":725,"date":"2009-11-30T00:08:16","date_gmt":"2009-11-29T23:08:16","guid":{"rendered":"https:\/\/www.canal-literatura.es\/Apoesia5\/?p=725"},"modified":"2009-11-30T00:00:33","modified_gmt":"2009-11-29T23:00:33","slug":"163-el-adios-por-marismi","status":"publish","type":"post","link":"https:\/\/www.canal-literatura.es\/Apoesia5\/163-el-adios-por-marismi\/","title":{"rendered":"163- El adi\u00f3s. Por Marismi"},"content":{"rendered":"<p style=\"padding-left: 180px;\">\u00bfD\u00f3nde est\u00e1s ahora<\/p>\n<p style=\"padding-left: 180px;\">que no est\u00e1s conmigo?<!--more--><\/p>\n<p style=\"padding-left: 180px;\">\u00bfCu\u00e1l ser\u00e1 la playa<\/p>\n<p style=\"padding-left: 180px;\">que te acoger\u00e1?<\/p>\n<p style=\"padding-left: 180px;\">\u00bfQue ola tard\u00eda<\/p>\n<p style=\"padding-left: 180px;\">fundir\u00e1 en tu cuerpo<\/p>\n<p style=\"padding-left: 180px;\">su espuma de siglos,<\/p>\n<p style=\"padding-left: 180px;\">su olor, y su sal?<\/p>\n<p style=\"padding-left: 180px;\">Te fuiste una tarde<\/p>\n<p style=\"padding-left: 180px;\">buscando tu sino,<\/p>\n<p style=\"padding-left: 180px;\">n\u00f3madas antiguos<\/p>\n<p style=\"padding-left: 180px;\">te hicieron marchar,<\/p>\n<p style=\"padding-left: 180px;\">tu figura errante<\/p>\n<p style=\"padding-left: 180px;\">marc\u00f3 un nuevo rumbo,<\/p>\n<p style=\"padding-left: 180px;\">sin huellas, sin tiempo,<\/p>\n<p style=\"padding-left: 180px;\">casi sin edad.<\/p>\n<p style=\"padding-left: 180px;\">Te extra\u00f1\u00e9 en silencio,<\/p>\n<p style=\"padding-left: 180px;\">te busqu\u00e9 en mis noches,<\/p>\n<p style=\"padding-left: 180px;\">te guard\u00e9 por siempre<\/p>\n<p style=\"padding-left: 180px;\">en aquel rinc\u00f3n<\/p>\n<p style=\"padding-left: 180px;\">en donde se duermen<\/p>\n<p style=\"padding-left: 180px;\">los recuerdos dulces,<\/p>\n<p style=\"padding-left: 180px;\">los bellos paisajes<\/p>\n<p style=\"padding-left: 180px;\">de una vida en flor.<\/p>\n<p style=\"padding-left: 180px;\">Hoy entr\u00e9 despacio<\/p>\n<p style=\"padding-left: 180px;\">a turbarte el sue\u00f1o,<\/p>\n<p style=\"padding-left: 180px;\">pronunci\u00e9 tu nombre,<\/p>\n<p style=\"padding-left: 180px;\">te hice canci\u00f3n,<\/p>\n<p style=\"padding-left: 180px;\">dej\u00e9 que la brisa<\/p>\n<p style=\"padding-left: 180px;\">te llevara lejos,<\/p>\n<p style=\"padding-left: 180px;\">y en una plegaria<\/p>\n<p style=\"padding-left: 180px;\">te dije mi adi\u00f3s\u2026<\/p>\n","protected":false},"excerpt":{"rendered":"<p>\u00bfD\u00f3nde est\u00e1s ahora que no est\u00e1s conmigo?<\/p>\n","protected":false},"author":1,"featured_media":0,"comment_status":"open","ping_status":"open","sticky":false,"template":"","format":"standard","meta":[],"categories":[4],"tags":[],"amp_enabled":true,"_links":{"self":[{"href":"https:\/\/www.canal-literatura.es\/Apoesia5\/wp-json\/wp\/v2\/posts\/725"}],"collection":[{"href":"https:\/\/www.canal-literatura.es\/Apoesia5\/wp-json\/wp\/v2\/posts"}],"about":[{"href":"https:\/\/www.canal-literatura.es\/Apoesia5\/wp-json\/wp\/v2\/types\/post"}],"author":[{"embeddable":true,"href":"https:\/\/www.canal-literatura.es\/Apoesia5\/wp-json\/wp\/v2\/users\/1"}],"replies":[{"embeddable":true,"href":"https:\/\/www.canal-literatura.es\/Apoesia5\/wp-json\/wp\/v2\/comments?post=725"}],"version-history":[{"count":0,"href":"https:\/\/www.canal-literatura.es\/Apoesia5\/wp-json\/wp\/v2\/posts\/725\/revisions"}],"wp:attachment":[{"href":"https:\/\/www.canal-literatura.es\/Apoesia5\/wp-json\/wp\/v2\/media?parent=725"}],"wp:term":[{"taxonomy":"category","embeddable":true,"href":"https:\/\/www.canal-literatura.es\/Apoesia5\/wp-json\/wp\/v2\/categories?post=725"},{"taxonomy":"post_tag","embeddable":true,"href":"https:\/\/www.canal-literatura.es\/Apoesia5\/wp-json\/wp\/v2\/tags?post=725"}],"curies":[{"name":"wp","href":"https:\/\/api.w.org\/{rel}","templated":true}]}}