{"id":760,"date":"2009-11-30T16:02:31","date_gmt":"2009-11-30T15:02:31","guid":{"rendered":"https:\/\/www.canal-literatura.es\/Apoesia5\/?p=760"},"modified":"2009-11-30T16:02:31","modified_gmt":"2009-11-30T15:02:31","slug":"168-querida-hija-mia-por-gallardo-galan","status":"publish","type":"post","link":"https:\/\/www.canal-literatura.es\/Apoesia5\/168-querida-hija-mia-por-gallardo-galan\/","title":{"rendered":"168- Querida Hija M\u00eda. Por Gallardo Gal\u00e1n"},"content":{"rendered":"<p>Cada vez que te miro<br \/>\nveo al antag\u00f3nico reflejo de mi alma<br \/>\ncomplemento \u00fanico de mi soledad<br \/>\nhermosa ocupacional raz\u00f3n<br \/>\nde mi vac\u00eda existencia.<!--more--><\/p>\n<p>Siento la necesidad de seguir vivo<br \/>\nsin tener otro motivo que buscar<br \/>\no desear tener algo m\u00e1s ni nada<br \/>\nen este o ning\u00fan otro tiempo<br \/>\nni aqu\u00ed o cualquier lugar del universo.<\/p>\n<p>En el s\u00edncrono palpitar de dos corazones<br \/>\nse percibe el estrecho paso de tu cuerpo<br \/>\ny de tus manantiales l\u00e1cteos<br \/>\nsustentadores de la emergente vida<br \/>\nque brotar\u00e1 de la profundidad de tu ser.<\/p>\n<p>Tus curvas perturban el camino<br \/>\ny a tu paso las sotanas tocan piso<br \/>\nde hecho renuncian a toda herencia<br \/>\nsi con ello logran vivir contigo.<\/p>\n<p>Por ti florecen los desiertos<br \/>\ny renace la vida en el mar muerto<br \/>\nas\u00ed como florecen los \u00e1speros cardones<br \/>\ny de las arenas beben agua los camellos.<\/p>\n<p>Por un ser como t\u00fa<br \/>\npis\u00f3 el hombre la Luna<br \/>\nbuscando en el firmamento<br \/>\ntan codiciada existencia.<\/p>\n<p>Es que quien conquist\u00f3 tu coraz\u00f3n<br \/>\ntendr\u00e1 el derecho a la eternidad<br \/>\nsin el temor de morir<br \/>\nen esta u otra vida.<\/p>\n<p>Que de volver a vivir<br \/>\nnuestro se\u00f1or Jesucristo<br \/>\npor ti con gusto subir\u00eda<br \/>\nnuevamente a una cruz.<\/p>\n<p>Siendo tu lado oscuro<br \/>\nlo que al universo intriga<br \/>\npero es su raz\u00f3n de ser<br \/>\nlo que crece en tu barriga.<\/p>\n<p>PD.: Tienes mi bendici\u00f3n<br \/>\ncomo siempre la has tenido<br \/>\ntambi\u00e9n a mi coraz\u00f3n.<\/p>\n<p>Aunque se encuentre marchito<br \/>\nporque la flor de tu madre<br \/>\nhace muchos, much\u00edsimos a\u00f1os<br \/>\nque lo ech\u00f3 al olvido.<\/p>\n<p>Ser\u00e1 que la menopausia<br \/>\nadem\u00e1s de secarle el pozo<br \/>\nsec\u00f3 su corazoncito.<\/p>\n<p>Trotando incansablemente<br \/>\ntres caballos indomables<br \/>\nmi madre naci\u00f3 en el treinta<br \/>\nyo en el cincuenta y cuatro<br \/>\nt\u00fa en el setenta y ocho<br \/>\ndos hor\u00f3scopos chinos de diferencia.<\/p>\n<p>Otra trilog\u00eda existe<br \/>\nentre t\u00fa, tu madre y yo<br \/>\ntrillizos de cuerpo y alma<br \/>\ngerm\u00ednanos los tres somos<br \/>\nas\u00ed lo quiso Dios.<\/p>\n<p>Y la triada no termina<br \/>\nsin tocar mi coraz\u00f3n<br \/>\ntres mujeres en mi vida<br \/>\nmi madre la tuya y vos.<\/p>\n","protected":false},"excerpt":{"rendered":"<p>Cada vez que te miro veo al antag\u00f3nico reflejo de mi alma complemento \u00fanico de mi soledad hermosa ocupacional raz\u00f3n de mi vac\u00eda existencia.<\/p>\n","protected":false},"author":1,"featured_media":0,"comment_status":"open","ping_status":"open","sticky":false,"template":"","format":"standard","meta":[],"categories":[4],"tags":[],"amp_enabled":true,"_links":{"self":[{"href":"https:\/\/www.canal-literatura.es\/Apoesia5\/wp-json\/wp\/v2\/posts\/760"}],"collection":[{"href":"https:\/\/www.canal-literatura.es\/Apoesia5\/wp-json\/wp\/v2\/posts"}],"about":[{"href":"https:\/\/www.canal-literatura.es\/Apoesia5\/wp-json\/wp\/v2\/types\/post"}],"author":[{"embeddable":true,"href":"https:\/\/www.canal-literatura.es\/Apoesia5\/wp-json\/wp\/v2\/users\/1"}],"replies":[{"embeddable":true,"href":"https:\/\/www.canal-literatura.es\/Apoesia5\/wp-json\/wp\/v2\/comments?post=760"}],"version-history":[{"count":0,"href":"https:\/\/www.canal-literatura.es\/Apoesia5\/wp-json\/wp\/v2\/posts\/760\/revisions"}],"wp:attachment":[{"href":"https:\/\/www.canal-literatura.es\/Apoesia5\/wp-json\/wp\/v2\/media?parent=760"}],"wp:term":[{"taxonomy":"category","embeddable":true,"href":"https:\/\/www.canal-literatura.es\/Apoesia5\/wp-json\/wp\/v2\/categories?post=760"},{"taxonomy":"post_tag","embeddable":true,"href":"https:\/\/www.canal-literatura.es\/Apoesia5\/wp-json\/wp\/v2\/tags?post=760"}],"curies":[{"name":"wp","href":"https:\/\/api.w.org\/{rel}","templated":true}]}}