{"id":796,"date":"2009-12-01T00:36:53","date_gmt":"2009-11-30T23:36:53","guid":{"rendered":"https:\/\/www.canal-literatura.es\/Apoesia5\/?p=796"},"modified":"2009-12-01T00:36:53","modified_gmt":"2009-11-30T23:36:53","slug":"178-salto-al-vacio-por-el-tio","status":"publish","type":"post","link":"https:\/\/www.canal-literatura.es\/Apoesia5\/178-salto-al-vacio-por-el-tio\/","title":{"rendered":"178- Salto al vacio. Por El tio"},"content":{"rendered":"<p>Estoy saltando al vac\u00edo sin red ni malla protectora<br \/>\nSalto desde el yo y caigo hacia el ello<!--more--><br \/>\nSalto de lo conocido a lo desconocido, de lo visible a lo invisible, de lo estable a lo inestable<br \/>\nSalto de lo que era para convertirme en lo que ser\u00e9<br \/>\nSalto por voluntad propia, porque es mi destino<br \/>\nEn el aire me doy cuenta de que me salen alas, las alas del amor<br \/>\nEllas no me dejar\u00e1n caer y aprender\u00e9 el placer de volar<br \/>\nTraigo conmigo recuerdos, sue\u00f1os y regreso al lugar de mi juventud<br \/>\nMe recibe mi pasado que es mi futuro<br \/>\nRegreso a mi punto de partida, a mis ra\u00edces, despu\u00e9s de un viaje de muchos siglos<br \/>\nVuelvo con su recuerdo y con la misi\u00f3n de cuidar a sus seres queridos<br \/>\nElla, \u00e1ngel azul que me ense\u00f1\u00f3 a amar y a volar y desde entonces somos uno solo<br \/>\nSalto al vac\u00edo como lo he hecho antes, s\u00f3lo que ahora no tengo miedo<\/p>\n","protected":false},"excerpt":{"rendered":"<p>Estoy saltando al vac\u00edo sin red ni malla protectora Salto desde el yo y caigo hacia el ello<\/p>\n","protected":false},"author":1,"featured_media":0,"comment_status":"open","ping_status":"open","sticky":false,"template":"","format":"standard","meta":[],"categories":[4],"tags":[],"amp_enabled":true,"_links":{"self":[{"href":"https:\/\/www.canal-literatura.es\/Apoesia5\/wp-json\/wp\/v2\/posts\/796"}],"collection":[{"href":"https:\/\/www.canal-literatura.es\/Apoesia5\/wp-json\/wp\/v2\/posts"}],"about":[{"href":"https:\/\/www.canal-literatura.es\/Apoesia5\/wp-json\/wp\/v2\/types\/post"}],"author":[{"embeddable":true,"href":"https:\/\/www.canal-literatura.es\/Apoesia5\/wp-json\/wp\/v2\/users\/1"}],"replies":[{"embeddable":true,"href":"https:\/\/www.canal-literatura.es\/Apoesia5\/wp-json\/wp\/v2\/comments?post=796"}],"version-history":[{"count":0,"href":"https:\/\/www.canal-literatura.es\/Apoesia5\/wp-json\/wp\/v2\/posts\/796\/revisions"}],"wp:attachment":[{"href":"https:\/\/www.canal-literatura.es\/Apoesia5\/wp-json\/wp\/v2\/media?parent=796"}],"wp:term":[{"taxonomy":"category","embeddable":true,"href":"https:\/\/www.canal-literatura.es\/Apoesia5\/wp-json\/wp\/v2\/categories?post=796"},{"taxonomy":"post_tag","embeddable":true,"href":"https:\/\/www.canal-literatura.es\/Apoesia5\/wp-json\/wp\/v2\/tags?post=796"}],"curies":[{"name":"wp","href":"https:\/\/api.w.org\/{rel}","templated":true}]}}