{"id":798,"date":"2009-12-01T00:41:32","date_gmt":"2009-11-30T23:41:32","guid":{"rendered":"https:\/\/www.canal-literatura.es\/Apoesia5\/?p=798"},"modified":"2009-12-01T00:42:02","modified_gmt":"2009-11-30T23:42:02","slug":"179-historia-de-la-imaginacion-por-calixto-melibeo","status":"publish","type":"post","link":"https:\/\/www.canal-literatura.es\/Apoesia5\/179-historia-de-la-imaginacion-por-calixto-melibeo\/","title":{"rendered":"179- Historia de la imaginaci\u00f3n. Por Calixto Melibeo"},"content":{"rendered":"<p style=\"text-align: right;\"><em>Ahora estamos a la intemperie.<br \/>\nSomos los due\u00f1os del vac\u00edo.<br \/>\nJOS\u00c9 E. PACHECO.<\/em><\/p>\n<p align=\"center\">Cuando la noche ci\u00f1a su cintura<\/p>\n<p align=\"center\">encenderemos velas a los sue\u00f1os ca\u00eddos.<!--more--><\/p>\n<p align=\"center\">Habr\u00e1 una caricia en todos los cuerpos<\/p>\n<p align=\"center\">y sabremos del tiempo lo que nunca supimos.<\/p>\n<p align=\"center\">La luna de los lobos a\u00falla en los tejados.<\/p>\n<p align=\"center\">Por las callejas tristes hay fiestas de silencio<\/p>\n<p align=\"center\">y las farolas ebrias tropiezan con los coches.<\/p>\n<p align=\"center\">No llueve pero el agua de lluvia nos ense\u00f1a<\/p>\n<p align=\"center\">los caminos del tiempo, el verdor de lo cetrino.<\/p>\n<p align=\"center\">\u00a0<\/p>\n<p align=\"center\">Mujeres con los ojos pintados de aguacero<\/p>\n<p align=\"center\">se api\u00f1an en el parque con el alma vac\u00eda,<\/p>\n<p align=\"center\">sabiendo que el amor tiene un precio, una hora\u2026<\/p>\n<p align=\"center\">Yo no quiero morir en sus mec\u00e1nicas piernas<\/p>\n<p align=\"center\">ni en el sucio teatro de sus bocas perdidas.<\/p>\n<p align=\"center\">Os escribo este diario con palabras que han visto.<\/p>\n<p align=\"center\">Aqu\u00ed digo mentiras, aqu\u00ed callo verdades.<\/p>\n<p align=\"center\">La belleza es extra\u00f1a cuando duele nos llega<\/p>\n<p align=\"center\">cuando muere nos mata cuando mata da vida.<\/p>\n<p align=\"center\">Que se abran las puertas al rugir de las flores;<\/p>\n<p align=\"center\">que se cierren los pu\u00f1os cuando el agua se pierda<\/p>\n<p align=\"center\">por las rojas mejillas del albor de los credos.<\/p>\n<p align=\"center\">No espereis, no esper\u00e9is tras la in\u00fatil ventana<\/p>\n<p align=\"center\">porque nadie vendr\u00e1 de su exilio de alm\u00edbar<\/p>\n<p align=\"center\">con la dulce manzana de los sue\u00f1os eternos<\/p>\n<p align=\"center\">(donde todo se cumple y el dolor no ha parido<\/p>\n<p align=\"center\">sus monstruos habituales, sus arc\u00e1ngeles rotos).<\/p>\n<p align=\"center\">Dejad que viva el tiempo, que sea poes\u00eda,<\/p>\n<p align=\"center\">que le ci\u00f1a la noche su cintura de jade.<\/p>\n<p align=\"center\">Y sabremos del tiempo lo que nunca supimos.<\/p>\n","protected":false},"excerpt":{"rendered":"<p>Ahora estamos a la intemperie. Somos los due\u00f1os del vac\u00edo. JOS\u00c9 E. PACHECO. Cuando la noche ci\u00f1a su cintura encenderemos velas a los sue\u00f1os ca\u00eddos.<\/p>\n","protected":false},"author":1,"featured_media":0,"comment_status":"open","ping_status":"open","sticky":false,"template":"","format":"standard","meta":[],"categories":[4],"tags":[],"amp_enabled":true,"_links":{"self":[{"href":"https:\/\/www.canal-literatura.es\/Apoesia5\/wp-json\/wp\/v2\/posts\/798"}],"collection":[{"href":"https:\/\/www.canal-literatura.es\/Apoesia5\/wp-json\/wp\/v2\/posts"}],"about":[{"href":"https:\/\/www.canal-literatura.es\/Apoesia5\/wp-json\/wp\/v2\/types\/post"}],"author":[{"embeddable":true,"href":"https:\/\/www.canal-literatura.es\/Apoesia5\/wp-json\/wp\/v2\/users\/1"}],"replies":[{"embeddable":true,"href":"https:\/\/www.canal-literatura.es\/Apoesia5\/wp-json\/wp\/v2\/comments?post=798"}],"version-history":[{"count":0,"href":"https:\/\/www.canal-literatura.es\/Apoesia5\/wp-json\/wp\/v2\/posts\/798\/revisions"}],"wp:attachment":[{"href":"https:\/\/www.canal-literatura.es\/Apoesia5\/wp-json\/wp\/v2\/media?parent=798"}],"wp:term":[{"taxonomy":"category","embeddable":true,"href":"https:\/\/www.canal-literatura.es\/Apoesia5\/wp-json\/wp\/v2\/categories?post=798"},{"taxonomy":"post_tag","embeddable":true,"href":"https:\/\/www.canal-literatura.es\/Apoesia5\/wp-json\/wp\/v2\/tags?post=798"}],"curies":[{"name":"wp","href":"https:\/\/api.w.org\/{rel}","templated":true}]}}