{"id":816,"date":"2009-12-01T01:02:23","date_gmt":"2009-12-01T00:02:23","guid":{"rendered":"https:\/\/www.canal-literatura.es\/Apoesia5\/?p=816"},"modified":"2009-12-01T01:02:23","modified_gmt":"2009-12-01T00:02:23","slug":"184-ante-la-muerte-por-fran-marcelo","status":"publish","type":"post","link":"https:\/\/www.canal-literatura.es\/Apoesia5\/184-ante-la-muerte-por-fran-marcelo\/","title":{"rendered":"184- Ante la muerte. Por Fran Marcelo"},"content":{"rendered":"<p>Ante la muerte me pregunto<br \/>\nqu\u00e9 tierras empapan nuestros sue\u00f1os,<br \/>\nen qu\u00e9 vientos se entrelazan nuestros deseos,<br \/>\nsobre qu\u00e9 s\u00e1banas se quedan nuestros corazones. <!--more--><\/p>\n<p>Me pregunto d\u00f3nde estar\u00e1n<br \/>\nlas primaveras que divisaron nuestros ojos,<br \/>\nel canto de las cigarras<br \/>\nque escuchamos en las tardes del est\u00edo,<br \/>\nlas doradas espigas que mec\u00eda el viento,<br \/>\nel ligero temblor de las hojas de los \u00e1lamos,<br \/>\nel r\u00edo heracliteano donde nos ba\u00f1amos tantas veces,<br \/>\nla arena de la playa que acogi\u00f3 nuestro cuerpo h\u00famedo,<br \/>\nla blanca nieve en las cornisas y en los tejados,<br \/>\nlas so\u00f1olientas tardes de aguacero,<br \/>\ny los p\u00e1jaros, siempre el canto de los p\u00e1jaros.<\/p>\n<p>Y las risas, y los besos, y los abrazos,<br \/>\ny los buenos momentos que vivimos<br \/>\njunto a aquellos que nos amaban y am\u00e1bamos,<br \/>\ny esas palabras sensatas que dijimos,<br \/>\ny aquellos actos generosos y decentes que hicimos,<br \/>\nalgunas de las veces en las que casi fuimos buenos.<\/p>\n","protected":false},"excerpt":{"rendered":"<p>Ante la muerte me pregunto qu\u00e9 tierras empapan nuestros sue\u00f1os, en qu\u00e9 vientos se entrelazan nuestros deseos, sobre qu\u00e9 s\u00e1banas se quedan nuestros corazones.<\/p>\n","protected":false},"author":1,"featured_media":0,"comment_status":"open","ping_status":"open","sticky":false,"template":"","format":"standard","meta":[],"categories":[4],"tags":[],"amp_enabled":true,"_links":{"self":[{"href":"https:\/\/www.canal-literatura.es\/Apoesia5\/wp-json\/wp\/v2\/posts\/816"}],"collection":[{"href":"https:\/\/www.canal-literatura.es\/Apoesia5\/wp-json\/wp\/v2\/posts"}],"about":[{"href":"https:\/\/www.canal-literatura.es\/Apoesia5\/wp-json\/wp\/v2\/types\/post"}],"author":[{"embeddable":true,"href":"https:\/\/www.canal-literatura.es\/Apoesia5\/wp-json\/wp\/v2\/users\/1"}],"replies":[{"embeddable":true,"href":"https:\/\/www.canal-literatura.es\/Apoesia5\/wp-json\/wp\/v2\/comments?post=816"}],"version-history":[{"count":0,"href":"https:\/\/www.canal-literatura.es\/Apoesia5\/wp-json\/wp\/v2\/posts\/816\/revisions"}],"wp:attachment":[{"href":"https:\/\/www.canal-literatura.es\/Apoesia5\/wp-json\/wp\/v2\/media?parent=816"}],"wp:term":[{"taxonomy":"category","embeddable":true,"href":"https:\/\/www.canal-literatura.es\/Apoesia5\/wp-json\/wp\/v2\/categories?post=816"},{"taxonomy":"post_tag","embeddable":true,"href":"https:\/\/www.canal-literatura.es\/Apoesia5\/wp-json\/wp\/v2\/tags?post=816"}],"curies":[{"name":"wp","href":"https:\/\/api.w.org\/{rel}","templated":true}]}}