{"id":837,"date":"2009-12-01T02:37:56","date_gmt":"2009-12-01T01:37:56","guid":{"rendered":"https:\/\/www.canal-literatura.es\/Apoesia5\/?p=837"},"modified":"2010-02-02T01:21:53","modified_gmt":"2010-02-02T00:21:53","slug":"191-voy-a-dormir-mi-alma-desgastada-por-alberto-sanchez","status":"publish","type":"post","link":"https:\/\/www.canal-literatura.es\/Apoesia5\/191-voy-a-dormir-mi-alma-desgastada-por-alberto-sanchez\/","title":{"rendered":"191- Voy a dormir mi alma desgastada. Por Alberto S\u00e1nchez"},"content":{"rendered":"<p>Voy a dormir mi alma desgastada<br \/>\nsobre las negras cimas de los miedos<br \/>\nporque mi sue\u00f1o est\u00e1 ya fr\u00edo de tu historia.<!--more--><\/p>\n<p>Voy a cerrar el cuerpo que hoy habito<br \/>\nserpenteando a ciegas mi horizonte<br \/>\npara volver borrando los caminos.<\/p>\n<p>Voy a gritar sin aire las palabras<br \/>\nque dejar\u00e1n abierta dentro el alma<br \/>\nsin m\u00e1s olvido que tu fiel recuerdo.<\/p>\n<p>Quiero olvidar pensando en ti los d\u00edas<br \/>\npara bajar deshabitada y en silencio<br \/>\nlas soledades de las que viviendo he muerto.<\/p>\n","protected":false},"excerpt":{"rendered":"<p>Voy a dormir mi alma desgastada sobre las negras cimas de los miedos porque mi sue\u00f1o est\u00e1 ya fr\u00edo de tu historia.<\/p>\n","protected":false},"author":1,"featured_media":0,"comment_status":"open","ping_status":"open","sticky":false,"template":"","format":"standard","meta":[],"categories":[8,4],"tags":[],"amp_enabled":true,"_links":{"self":[{"href":"https:\/\/www.canal-literatura.es\/Apoesia5\/wp-json\/wp\/v2\/posts\/837"}],"collection":[{"href":"https:\/\/www.canal-literatura.es\/Apoesia5\/wp-json\/wp\/v2\/posts"}],"about":[{"href":"https:\/\/www.canal-literatura.es\/Apoesia5\/wp-json\/wp\/v2\/types\/post"}],"author":[{"embeddable":true,"href":"https:\/\/www.canal-literatura.es\/Apoesia5\/wp-json\/wp\/v2\/users\/1"}],"replies":[{"embeddable":true,"href":"https:\/\/www.canal-literatura.es\/Apoesia5\/wp-json\/wp\/v2\/comments?post=837"}],"version-history":[{"count":0,"href":"https:\/\/www.canal-literatura.es\/Apoesia5\/wp-json\/wp\/v2\/posts\/837\/revisions"}],"wp:attachment":[{"href":"https:\/\/www.canal-literatura.es\/Apoesia5\/wp-json\/wp\/v2\/media?parent=837"}],"wp:term":[{"taxonomy":"category","embeddable":true,"href":"https:\/\/www.canal-literatura.es\/Apoesia5\/wp-json\/wp\/v2\/categories?post=837"},{"taxonomy":"post_tag","embeddable":true,"href":"https:\/\/www.canal-literatura.es\/Apoesia5\/wp-json\/wp\/v2\/tags?post=837"}],"curies":[{"name":"wp","href":"https:\/\/api.w.org\/{rel}","templated":true}]}}