{"id":868,"date":"2009-12-01T14:00:05","date_gmt":"2009-12-01T13:00:05","guid":{"rendered":"https:\/\/www.canal-literatura.es\/Apoesia5\/?p=868"},"modified":"2010-02-02T01:20:00","modified_gmt":"2010-02-02T00:20:00","slug":"202-tardes-de-lluvia-por-candida-erendida","status":"publish","type":"post","link":"https:\/\/www.canal-literatura.es\/Apoesia5\/202-tardes-de-lluvia-por-candida-erendida\/","title":{"rendered":"202-Tardes de lluvia. Por C\u00e1ndida Er\u00e9ndida"},"content":{"rendered":"<p style=\"text-align: center;\">Como esta son tus tardes y las m\u00edas.<br \/>\nLa lluvia cae tan tenue que parece<br \/>\nque se duerme o que sue\u00f1a.<!--more--><br \/>\nHace rato que callas<br \/>\ncon los ojos cerrados.<br \/>\nTras tus p\u00e1rpados h\u00famedos me presumo<br \/>\nen perpetuos adioses,<br \/>\nt\u00fa en un lado del puente y yo en el otro,<br \/>\ny ese cr\u00e1ter en medio,<br \/>\nese barro constante del pasado<br \/>\nque me agarra vac\u00edo<br \/>\nde una f\u00e1cil clemencia.<\/p>\n<p style=\"text-align: center;\">Pues no ser\u00e1 tan f\u00e1cil si aqu\u00ed estamos<br \/>\ncon las manos atadas,<br \/>\ncon el pecho sombr\u00edo<br \/>\ny una amenaza infausta<br \/>\nde morirme sin ti como otras veces.<\/p>\n<p style=\"text-align: center;\">Ahora miras y callas,<br \/>\ny prefiero el silencio a la derrota<br \/>\nde no encontrar el t\u00e9rmino que ajuste<br \/>\nnuestros ciegos perfiles,<br \/>\ntu mitad con la m\u00eda, y las devuelva<br \/>\na su cuerpo infinito y sin fisuras.<\/p>\n<p style=\"text-align: center;\">No quiero que te vayas,<br \/>\nno quiero que me llores por costumbre,<br \/>\nque me resignes siempre<br \/>\ncon tus mil sinsabores<br \/>\ny esa batalla torpe y desarmada<br \/>\nque nos conduce a tantas amarguras.<\/p>\n<p style=\"text-align: center;\">Cu\u00e1nto amor para nada,<br \/>\npara negarlo luego,<br \/>\npara vivirlo a ratos, cada tarde,<br \/>\nsin agarrar del pelo<br \/>\no de las l\u00e1grimas esa verdad<br \/>\nque quema y nos detroza.<\/p>\n<p style=\"text-align: center;\">Del otro lado del cristal, ausente,<br \/>\nsigue la tenue lluvia enmudecida.<\/p>\n<p style=\"text-align: center;\">Como esta son las tardes en que quiero<br \/>\nde tu abrazo colgada,<br \/>\nremar o navegar hacia el olvido.<\/p>\n","protected":false},"excerpt":{"rendered":"<p>Como esta son tus tardes y las m\u00edas. La lluvia cae tan tenue que parece que se duerme o que sue\u00f1a.<\/p>\n","protected":false},"author":1,"featured_media":0,"comment_status":"open","ping_status":"open","sticky":false,"template":"","format":"standard","meta":[],"categories":[7,4],"tags":[],"amp_enabled":true,"_links":{"self":[{"href":"https:\/\/www.canal-literatura.es\/Apoesia5\/wp-json\/wp\/v2\/posts\/868"}],"collection":[{"href":"https:\/\/www.canal-literatura.es\/Apoesia5\/wp-json\/wp\/v2\/posts"}],"about":[{"href":"https:\/\/www.canal-literatura.es\/Apoesia5\/wp-json\/wp\/v2\/types\/post"}],"author":[{"embeddable":true,"href":"https:\/\/www.canal-literatura.es\/Apoesia5\/wp-json\/wp\/v2\/users\/1"}],"replies":[{"embeddable":true,"href":"https:\/\/www.canal-literatura.es\/Apoesia5\/wp-json\/wp\/v2\/comments?post=868"}],"version-history":[{"count":0,"href":"https:\/\/www.canal-literatura.es\/Apoesia5\/wp-json\/wp\/v2\/posts\/868\/revisions"}],"wp:attachment":[{"href":"https:\/\/www.canal-literatura.es\/Apoesia5\/wp-json\/wp\/v2\/media?parent=868"}],"wp:term":[{"taxonomy":"category","embeddable":true,"href":"https:\/\/www.canal-literatura.es\/Apoesia5\/wp-json\/wp\/v2\/categories?post=868"},{"taxonomy":"post_tag","embeddable":true,"href":"https:\/\/www.canal-literatura.es\/Apoesia5\/wp-json\/wp\/v2\/tags?post=868"}],"curies":[{"name":"wp","href":"https:\/\/api.w.org\/{rel}","templated":true}]}}