{"id":907,"date":"2009-12-01T23:13:51","date_gmt":"2009-12-01T22:13:51","guid":{"rendered":"https:\/\/www.canal-literatura.es\/Apoesia5\/?p=907"},"modified":"2009-12-01T23:13:51","modified_gmt":"2009-12-01T22:13:51","slug":"215-la-calle-numero-siete-por-cunimurguis","status":"publish","type":"post","link":"https:\/\/www.canal-literatura.es\/Apoesia5\/215-la-calle-numero-siete-por-cunimurguis\/","title":{"rendered":"215-La calle n\u00famero siete. Por Cunimurguis"},"content":{"rendered":"<p>Quisiera no tener palabras para contarlo,<br \/>\nni verlo o sentir que la pena es tan inmensa<br \/>\ncomo la mirada de su padre hacia ella.<!--more--><br \/>\nSu madre, de pie, ausente y fr\u00eda.<\/p>\n<p>\u00c9l est\u00e1 sentado en su banco de madera,<br \/>\ncon l\u00e1grimas en los ojos, mirando al frente,<br \/>\nun d\u00eda tras otro, nunca falta:<br \/>\nfieles a su ni\u00f1a, al dolor y a la pena.<\/p>\n<p>Me acerqu\u00e9 para saludar, besos en mi mejilla,<br \/>\ny yo, sin querer consolar donde no hay vida.<br \/>\nLa calle siempre est\u00e1 habitada, a la misma hora,<br \/>\n\u00e9l con las manos apretadas, cabizbajo me mira.<\/p>\n<p>Y as\u00ed todas las tardes, la gente del pueblo hablan,<br \/>\ncallan, recuerdan pero no olvidan.<br \/>\nY los ven all\u00ed rezando para ella<br \/>\nuna oraci\u00f3n de s\u00faplica, amor y bendici\u00f3n.<\/p>\n<p>Pero la calle n\u00famero siete es especial,<br \/>\ntriste recuerdo y hast\u00edo , donde los padres<br \/>\nvan al cementerio, para ver a su hija,<br \/>\ncomo si fuera, la hora de la visita.<\/p>\n","protected":false},"excerpt":{"rendered":"<p>Quisiera no tener palabras para contarlo, ni verlo o sentir que la pena es tan inmensa como la mirada de su padre hacia ella.<\/p>\n","protected":false},"author":1,"featured_media":0,"comment_status":"open","ping_status":"open","sticky":false,"template":"","format":"standard","meta":[],"categories":[4],"tags":[],"amp_enabled":true,"_links":{"self":[{"href":"https:\/\/www.canal-literatura.es\/Apoesia5\/wp-json\/wp\/v2\/posts\/907"}],"collection":[{"href":"https:\/\/www.canal-literatura.es\/Apoesia5\/wp-json\/wp\/v2\/posts"}],"about":[{"href":"https:\/\/www.canal-literatura.es\/Apoesia5\/wp-json\/wp\/v2\/types\/post"}],"author":[{"embeddable":true,"href":"https:\/\/www.canal-literatura.es\/Apoesia5\/wp-json\/wp\/v2\/users\/1"}],"replies":[{"embeddable":true,"href":"https:\/\/www.canal-literatura.es\/Apoesia5\/wp-json\/wp\/v2\/comments?post=907"}],"version-history":[{"count":0,"href":"https:\/\/www.canal-literatura.es\/Apoesia5\/wp-json\/wp\/v2\/posts\/907\/revisions"}],"wp:attachment":[{"href":"https:\/\/www.canal-literatura.es\/Apoesia5\/wp-json\/wp\/v2\/media?parent=907"}],"wp:term":[{"taxonomy":"category","embeddable":true,"href":"https:\/\/www.canal-literatura.es\/Apoesia5\/wp-json\/wp\/v2\/categories?post=907"},{"taxonomy":"post_tag","embeddable":true,"href":"https:\/\/www.canal-literatura.es\/Apoesia5\/wp-json\/wp\/v2\/tags?post=907"}],"curies":[{"name":"wp","href":"https:\/\/api.w.org\/{rel}","templated":true}]}}