{"id":910,"date":"2009-12-01T23:22:33","date_gmt":"2009-12-01T22:22:33","guid":{"rendered":"https:\/\/www.canal-literatura.es\/Apoesia5\/?p=910"},"modified":"2009-12-01T23:22:33","modified_gmt":"2009-12-01T22:22:33","slug":"216-los-olvidados-por-ton-le-carre","status":"publish","type":"post","link":"https:\/\/www.canal-literatura.es\/Apoesia5\/216-los-olvidados-por-ton-le-carre\/","title":{"rendered":"216- Los olvidados. Por Ton Le Carr\u00e9."},"content":{"rendered":"<p style=\"text-align: center;\">All\u00e1, en el p\u00e1lido pa\u00eds de la muerte, la tristeza se alimenta de miradas ciegas;<br \/>\nest\u00e1 callada sin asideros donde agarrarse.<!--more--><br \/>\nEpitafios sin nombres recorren caminos sin tierra.<br \/>\nY pas\u00f3 que el odio se hizo guardi\u00e1n entre corazones abandonados.<br \/>\nLa humillaci\u00f3n de los poderosos , ahora se torna en perd\u00f3n;<br \/>\nes la vacuna de los pobres.<br \/>\nTendidos en la memoria, apenas sin vida, los recuerdos se escapan<br \/>\nentre las rendijas del olvido.<br \/>\nLa esperanza y la paciencia son ciencia en manos de los silenciados.<br \/>\nEntre lamentos , las manos rompen la dura tierra, para que despierte de tanto letargo,<br \/>\nmientras las l\u00e1grimas mudas se reparten.<br \/>\n\u2026, Y el tiempo no discurre nunca;<br \/>\nes el adi\u00f3s de los olvidados.<\/p>\n","protected":false},"excerpt":{"rendered":"<p>All\u00e1, en el p\u00e1lido pa\u00eds de la muerte, la tristeza se alimenta de miradas ciegas; est\u00e1 callada sin asideros donde agarrarse.<\/p>\n","protected":false},"author":1,"featured_media":0,"comment_status":"open","ping_status":"open","sticky":false,"template":"","format":"standard","meta":[],"categories":[4],"tags":[],"amp_enabled":true,"_links":{"self":[{"href":"https:\/\/www.canal-literatura.es\/Apoesia5\/wp-json\/wp\/v2\/posts\/910"}],"collection":[{"href":"https:\/\/www.canal-literatura.es\/Apoesia5\/wp-json\/wp\/v2\/posts"}],"about":[{"href":"https:\/\/www.canal-literatura.es\/Apoesia5\/wp-json\/wp\/v2\/types\/post"}],"author":[{"embeddable":true,"href":"https:\/\/www.canal-literatura.es\/Apoesia5\/wp-json\/wp\/v2\/users\/1"}],"replies":[{"embeddable":true,"href":"https:\/\/www.canal-literatura.es\/Apoesia5\/wp-json\/wp\/v2\/comments?post=910"}],"version-history":[{"count":0,"href":"https:\/\/www.canal-literatura.es\/Apoesia5\/wp-json\/wp\/v2\/posts\/910\/revisions"}],"wp:attachment":[{"href":"https:\/\/www.canal-literatura.es\/Apoesia5\/wp-json\/wp\/v2\/media?parent=910"}],"wp:term":[{"taxonomy":"category","embeddable":true,"href":"https:\/\/www.canal-literatura.es\/Apoesia5\/wp-json\/wp\/v2\/categories?post=910"},{"taxonomy":"post_tag","embeddable":true,"href":"https:\/\/www.canal-literatura.es\/Apoesia5\/wp-json\/wp\/v2\/tags?post=910"}],"curies":[{"name":"wp","href":"https:\/\/api.w.org\/{rel}","templated":true}]}}