{"id":919,"date":"2009-12-02T00:00:24","date_gmt":"2009-12-01T23:00:24","guid":{"rendered":"https:\/\/www.canal-literatura.es\/Apoesia5\/?p=919"},"modified":"2009-12-02T00:08:56","modified_gmt":"2009-12-01T23:08:56","slug":"cerrado-el-plazo-de-admision-para-esta-convovatoria","status":"publish","type":"post","link":"https:\/\/www.canal-literatura.es\/Apoesia5\/cerrado-el-plazo-de-admision-para-esta-convovatoria\/","title":{"rendered":"Cerrado el plazo de admisi\u00f3n para esta convovatoria."},"content":{"rendered":"<p style=\"text-align: center;\"><strong>Queda cerrado el plazo de env\u00edo y admisi\u00f3n de originales.<\/strong><\/p>\n<p>Debido a la avalancha de trabajos llegados a \u00faltima hora, seguiremos subiendo poemas en los pr\u00f3ximos d\u00edas ya que no nos da tiempo material a revisar toda la documentaci\u00f3n hoy.<\/p>\n<p>Notificaremos en la web,una vez concluido este proceso, los poemas definitivamente admitidos a concurso y hasta ese momento no se abrir\u00e1 la votaci\u00f3n del p\u00fablico.<\/p>\n<p style=\"text-align: center;\"><strong>Gracias a todos por participar, comentar y hacer posible este intercambio de poemas y opiniones.<\/strong><\/p>\n","protected":false},"excerpt":{"rendered":"<p>Queda cerrado el plazo de env\u00edo y admisi\u00f3n de originales. Debido a la avalancha de trabajos llegados a \u00faltima hora, seguiremos subiendo poemas en los pr\u00f3ximos d\u00edas ya que no nos da tiempo material a revisar toda la documentaci\u00f3n hoy. Notificaremos en la web,una vez concluido este proceso, los poemas definitivamente admitidos a concurso y [&hellip;]<\/p>\n","protected":false},"author":1,"featured_media":0,"comment_status":"open","ping_status":"open","sticky":false,"template":"","format":"standard","meta":[],"categories":[1],"tags":[],"amp_enabled":true,"_links":{"self":[{"href":"https:\/\/www.canal-literatura.es\/Apoesia5\/wp-json\/wp\/v2\/posts\/919"}],"collection":[{"href":"https:\/\/www.canal-literatura.es\/Apoesia5\/wp-json\/wp\/v2\/posts"}],"about":[{"href":"https:\/\/www.canal-literatura.es\/Apoesia5\/wp-json\/wp\/v2\/types\/post"}],"author":[{"embeddable":true,"href":"https:\/\/www.canal-literatura.es\/Apoesia5\/wp-json\/wp\/v2\/users\/1"}],"replies":[{"embeddable":true,"href":"https:\/\/www.canal-literatura.es\/Apoesia5\/wp-json\/wp\/v2\/comments?post=919"}],"version-history":[{"count":0,"href":"https:\/\/www.canal-literatura.es\/Apoesia5\/wp-json\/wp\/v2\/posts\/919\/revisions"}],"wp:attachment":[{"href":"https:\/\/www.canal-literatura.es\/Apoesia5\/wp-json\/wp\/v2\/media?parent=919"}],"wp:term":[{"taxonomy":"category","embeddable":true,"href":"https:\/\/www.canal-literatura.es\/Apoesia5\/wp-json\/wp\/v2\/categories?post=919"},{"taxonomy":"post_tag","embeddable":true,"href":"https:\/\/www.canal-literatura.es\/Apoesia5\/wp-json\/wp\/v2\/tags?post=919"}],"curies":[{"name":"wp","href":"https:\/\/api.w.org\/{rel}","templated":true}]}}