{"id":940,"date":"2009-12-02T16:10:09","date_gmt":"2009-12-02T15:10:09","guid":{"rendered":"https:\/\/www.canal-literatura.es\/Apoesia5\/?p=940"},"modified":"2010-02-02T01:23:02","modified_gmt":"2010-02-02T00:23:02","slug":"226-locos-los-dos-por-fierro","status":"publish","type":"post","link":"https:\/\/www.canal-literatura.es\/Apoesia5\/226-locos-los-dos-por-fierro\/","title":{"rendered":"226- Locos los dos. Por Fierro"},"content":{"rendered":"<p>Al caer la tarde del est\u00edo<\/p>\n<p>ni Her\u00e1clito perdido<\/p>\n<p>podr\u00eda definir nuestra locura<!--more--><\/p>\n<p>rodando cuerpos tras<\/p>\n<p>las piedras blandas como nubes<\/p>\n<p>tratando de ocultarnos<\/p>\n<p>espejadas hacen sombras<\/p>\n<p>nos cubren silenciosas<\/p>\n<p>de mirada intrusa<\/p>\n<p>para amarnos en el r\u00edo<\/p>\n","protected":false},"excerpt":{"rendered":"<p>Al caer la tarde del est\u00edo ni Her\u00e1clito perdido podr\u00eda definir nuestra locura<\/p>\n","protected":false},"author":1,"featured_media":0,"comment_status":"open","ping_status":"open","sticky":false,"template":"","format":"standard","meta":[],"categories":[8,4],"tags":[],"amp_enabled":true,"_links":{"self":[{"href":"https:\/\/www.canal-literatura.es\/Apoesia5\/wp-json\/wp\/v2\/posts\/940"}],"collection":[{"href":"https:\/\/www.canal-literatura.es\/Apoesia5\/wp-json\/wp\/v2\/posts"}],"about":[{"href":"https:\/\/www.canal-literatura.es\/Apoesia5\/wp-json\/wp\/v2\/types\/post"}],"author":[{"embeddable":true,"href":"https:\/\/www.canal-literatura.es\/Apoesia5\/wp-json\/wp\/v2\/users\/1"}],"replies":[{"embeddable":true,"href":"https:\/\/www.canal-literatura.es\/Apoesia5\/wp-json\/wp\/v2\/comments?post=940"}],"version-history":[{"count":0,"href":"https:\/\/www.canal-literatura.es\/Apoesia5\/wp-json\/wp\/v2\/posts\/940\/revisions"}],"wp:attachment":[{"href":"https:\/\/www.canal-literatura.es\/Apoesia5\/wp-json\/wp\/v2\/media?parent=940"}],"wp:term":[{"taxonomy":"category","embeddable":true,"href":"https:\/\/www.canal-literatura.es\/Apoesia5\/wp-json\/wp\/v2\/categories?post=940"},{"taxonomy":"post_tag","embeddable":true,"href":"https:\/\/www.canal-literatura.es\/Apoesia5\/wp-json\/wp\/v2\/tags?post=940"}],"curies":[{"name":"wp","href":"https:\/\/api.w.org\/{rel}","templated":true}]}}