{"id":101,"date":"2010-11-25T12:25:08","date_gmt":"2010-11-25T11:25:08","guid":{"rendered":"https:\/\/www.canal-literatura.es\/Apoesia6\/?p=101"},"modified":"2010-11-25T12:25:08","modified_gmt":"2010-11-25T11:25:08","slug":"6-la-soledad-del-poeta-por-alterego","status":"publish","type":"post","link":"https:\/\/www.canal-literatura.es\/Apoesia6\/101\/","title":{"rendered":"6- La soledad del poeta. Por Alterego"},"content":{"rendered":"<p>Cuando el suelo se cans\u00f3 de golpear mis suelas<br \/>\ndecidi\u00f3 poner ante mis zapatos un charco,<br \/>\nuna insondable mancha de agua que reflejaba<br \/>\ncomo un espejo bru\u00f1ido con esmero, mi alma<br \/>\nun templo erigido sobre arenas movedizas<br \/>\nvelado por turbias sombras de soledad<br \/>\nen las que se ahogan las voces de mi pasado.<!--more--><\/p>\n<p>Roncos sollozos arrastrados por el viento<br \/>\ntraen a mis ojos l\u00e1grimas que una vez llor\u00e9<br \/>\nmientras nadaba en un mar de incomprensi\u00f3n<br \/>\nsinti\u00e9ndome solo, herido, entre la muchedumbre<br \/>\nque, mirando hacia otro lado, pasaba junto a m\u00ed.<\/p>\n<p>Una suave brisa encrespa su superficie<br \/>\ny entre las min\u00fasculas olas que se forman<br \/>\nveo unos ojos, unos sensuales labios<br \/>\nperfil\u00e1ndose en una mueca de ternura;<br \/>\nun lascivo gui\u00f1o que tan pronto nace, muere<br \/>\ndejando a su paso una amarga desaz\u00f3n<br \/>\ncargada de bilis en mi boca hu\u00e9rfana:<br \/>\nfatuas llamas que su propio deseo extingue.<\/p>\n<p>Comienza a llover. Una metralla de agua<br \/>\nagujerea el espejo en que me observo<br \/>\ncomo balas de ca\u00f1\u00f3n rasgando en dos<br \/>\nlas velas de un nav\u00edo enemigo en la batalla.<br \/>\nEl pasado revive en cada gota que cae<br \/>\nsalpic\u00e1ndome con nombres y rostros tiempo atr\u00e1s<br \/>\nolvidados en alg\u00fan rinc\u00f3n de mi memoria.<\/p>\n<p>El agua empapa, inclemente, mi ropa lami\u00e9ndome<br \/>\nhasta los tu\u00e9tanos con su g\u00e9lida mano.<\/p>\n<p>Me siento solo, abatido, como el h\u00e9roe<br \/>\nque cansado vuelve a casa tras su gesta.<\/p>\n<p>S\u00e9 que en esta historia la derrota en que vago<br \/>\nsupone la aniquilaci\u00f3n de mi propio ser,<br \/>\nuna aniquilaci\u00f3n continua, irreversible<br \/>\nen la que mi orgullo hace tiempo que cay\u00f3<br \/>\ny ante la cual, lo \u00fanico que puedo hacer<br \/>\nes escribir versos, meros ajustes de cuentas<br \/>\nen esta m\u00e1s que perdida cuesti\u00f3n de honor.<\/p>\n","protected":false},"excerpt":{"rendered":"<p>Cuando el suelo se cans\u00f3 de golpear mis suelas decidi\u00f3 poner ante mis zapatos un charco, una insondable mancha de agua que reflejaba como un espejo bru\u00f1ido con esmero, mi alma un templo erigido sobre arenas movedizas velado por turbias sombras de soledad en las que se ahogan las voces\u2026<\/p>\n<p> <a class=\"continue-reading-link\" href=\"https:\/\/www.canal-literatura.es\/Apoesia6\/101\/\"><span>Leer m\u00e1s<\/span><i class=\"crycon-right-dir\"><\/i><\/a> <\/p>\n","protected":false},"author":1,"featured_media":0,"comment_status":"open","ping_status":"open","sticky":false,"template":"","format":"standard","meta":[],"categories":[4],"tags":[],"amp_enabled":true,"_links":{"self":[{"href":"https:\/\/www.canal-literatura.es\/Apoesia6\/wp-json\/wp\/v2\/posts\/101"}],"collection":[{"href":"https:\/\/www.canal-literatura.es\/Apoesia6\/wp-json\/wp\/v2\/posts"}],"about":[{"href":"https:\/\/www.canal-literatura.es\/Apoesia6\/wp-json\/wp\/v2\/types\/post"}],"author":[{"embeddable":true,"href":"https:\/\/www.canal-literatura.es\/Apoesia6\/wp-json\/wp\/v2\/users\/1"}],"replies":[{"embeddable":true,"href":"https:\/\/www.canal-literatura.es\/Apoesia6\/wp-json\/wp\/v2\/comments?post=101"}],"version-history":[{"count":0,"href":"https:\/\/www.canal-literatura.es\/Apoesia6\/wp-json\/wp\/v2\/posts\/101\/revisions"}],"wp:attachment":[{"href":"https:\/\/www.canal-literatura.es\/Apoesia6\/wp-json\/wp\/v2\/media?parent=101"}],"wp:term":[{"taxonomy":"category","embeddable":true,"href":"https:\/\/www.canal-literatura.es\/Apoesia6\/wp-json\/wp\/v2\/categories?post=101"},{"taxonomy":"post_tag","embeddable":true,"href":"https:\/\/www.canal-literatura.es\/Apoesia6\/wp-json\/wp\/v2\/tags?post=101"}],"curies":[{"name":"wp","href":"https:\/\/api.w.org\/{rel}","templated":true}]}}