{"id":1063,"date":"2011-01-10T13:27:05","date_gmt":"2011-01-10T12:27:05","guid":{"rendered":"https:\/\/www.canal-literatura.es\/Apoesia6\/?p=1063"},"modified":"2011-01-10T13:27:05","modified_gmt":"2011-01-10T12:27:05","slug":"250-habitar-los-suenos-por-bohemiarapsodia","status":"publish","type":"post","link":"https:\/\/www.canal-literatura.es\/Apoesia6\/1063\/","title":{"rendered":"250- Habitar los sue\u00f1os. Por BohemiaRapsodia"},"content":{"rendered":"<p>Hace siglos la percusi\u00f3n nos despierta<br \/>\nintercalando el sue\u00f1o partido en dos:<br \/>\nel uno envuelto en v\u00e9rtigo, ilimitado<br \/>\nde memorias y brillos<!--more--><br \/>\ny un \u00e1pice de reflexiva contemplaci\u00f3n;<br \/>\nel otro cargado, de nebulosa y eternidad<br \/>\ndonde los versos vuelan y los recuerdos<br \/>\nse ocultan tras la niebla.<\/p>\n<p>Y en este presente despertar<br \/>\nel esplendor yace en mi ventana de bus.<br \/>\nSobre los ojos de las monta\u00f1as observo<br \/>\nmiles de f\u00falgidas miradas.<br \/>\nGrabar\u00e9 todo el paisaje<br \/>\npara desfilar en \u00e9l en la bruma.<\/p>\n<p>El bus marcha a mil por segundo<br \/>\n(intentando rebasar el tiempo)<br \/>\ny las calles atr\u00e1s<br \/>\n(al igual que los d\u00edas de mi vida)<br \/>\nson ya, pret\u00e9rito sin retorno.<br \/>\nKil\u00f3metros de tiempo nos separan.<\/p>\n<p>Estoy entre dos sue\u00f1os<br \/>\nque llegados a su fin me llevar\u00e1n<br \/>\na otro mucho m\u00e1s profundo, donde<br \/>\nno s\u00e9 en cu\u00e1ntos se partir\u00e1.<\/p>\n<p>En la niebla tus besos<br \/>\nsolo saben al p\u00farpura, de tu aire musical.<br \/>\nY duermes<br \/>\ncon el cabello al viento, en la ventana<br \/>\nintocable<br \/>\nal inestable soplo.<\/p>\n<p>A veces me extrav\u00edo<br \/>\ny no acierto la esfera que ocupo<br \/>\nsolo hasta recordar claramente<br \/>\nel olor de tu perfume<br \/>\no que tu piel se suavice en su cuerpo<br \/>\nsin memoria y sin tiempo.<\/p>\n<p>Un despertar levanta<br \/>\nlos m\u00fasculos y los segundos.<br \/>\nEl otro<br \/>\nlevanta el vuelo y el olvido<br \/>\ndonde huyen<br \/>\nlos rojos acentos de tus labios<br \/>\nen este escenario de tiempo ingr\u00e1vido.<\/p>\n<p>Solo al mirar<br \/>\nlas veloces im\u00e1genes que pasan por mi ventana<br \/>\npercibo la culpa de haber<br \/>\nrobado tramas de mi futuro.<\/p>\n<p>De p\u00e1rpado a p\u00e1rpado somos<br \/>\ncon bruma o con brillo<br \/>\nlos eternos viajeros en el tiempo.<\/p>\n","protected":false},"excerpt":{"rendered":"<p>Hace siglos la percusi\u00f3n nos despierta intercalando el sue\u00f1o partido en dos: el uno envuelto en v\u00e9rtigo, ilimitado de memorias y brillos<\/p>\n<p> <a class=\"continue-reading-link\" href=\"https:\/\/www.canal-literatura.es\/Apoesia6\/1063\/\"><span>Leer m\u00e1s<\/span><i class=\"crycon-right-dir\"><\/i><\/a> <\/p>\n","protected":false},"author":1,"featured_media":0,"comment_status":"open","ping_status":"open","sticky":false,"template":"","format":"standard","meta":[],"categories":[4],"tags":[],"amp_enabled":true,"_links":{"self":[{"href":"https:\/\/www.canal-literatura.es\/Apoesia6\/wp-json\/wp\/v2\/posts\/1063"}],"collection":[{"href":"https:\/\/www.canal-literatura.es\/Apoesia6\/wp-json\/wp\/v2\/posts"}],"about":[{"href":"https:\/\/www.canal-literatura.es\/Apoesia6\/wp-json\/wp\/v2\/types\/post"}],"author":[{"embeddable":true,"href":"https:\/\/www.canal-literatura.es\/Apoesia6\/wp-json\/wp\/v2\/users\/1"}],"replies":[{"embeddable":true,"href":"https:\/\/www.canal-literatura.es\/Apoesia6\/wp-json\/wp\/v2\/comments?post=1063"}],"version-history":[{"count":0,"href":"https:\/\/www.canal-literatura.es\/Apoesia6\/wp-json\/wp\/v2\/posts\/1063\/revisions"}],"wp:attachment":[{"href":"https:\/\/www.canal-literatura.es\/Apoesia6\/wp-json\/wp\/v2\/media?parent=1063"}],"wp:term":[{"taxonomy":"category","embeddable":true,"href":"https:\/\/www.canal-literatura.es\/Apoesia6\/wp-json\/wp\/v2\/categories?post=1063"},{"taxonomy":"post_tag","embeddable":true,"href":"https:\/\/www.canal-literatura.es\/Apoesia6\/wp-json\/wp\/v2\/tags?post=1063"}],"curies":[{"name":"wp","href":"https:\/\/api.w.org\/{rel}","templated":true}]}}