{"id":110,"date":"2010-11-27T00:00:35","date_gmt":"2010-11-26T23:00:35","guid":{"rendered":"https:\/\/www.canal-literatura.es\/Apoesia6\/?p=110"},"modified":"2010-11-26T20:49:36","modified_gmt":"2010-11-26T19:49:36","slug":"8-sueno-con-alas-por-eugenion","status":"publish","type":"post","link":"https:\/\/www.canal-literatura.es\/Apoesia6\/110\/","title":{"rendered":"8- Sue\u00f1o con alas. Por EugenioN"},"content":{"rendered":"<p>Sue\u00f1o con alas<br \/>\nPero volar no puedo<br \/>\nEl cielo est\u00e1 distante y gris<br \/>\nLa tierra h\u00fameda me ata a sus ra\u00edces<br \/>\nSin perdonar la audacia de mis levitaciones <!--more--><\/p>\n<p>Dejo a mis sue\u00f1os a cargo de estas metas<br \/>\nSe escapan sin v\u00e9rtigos<br \/>\nSuben y miran<br \/>\nSienten la libertad que va en las nubes<br \/>\nLuego en secreto<br \/>\nMe lo cuentan todo.<\/p>\n<p>Al despertar descubro<br \/>\nCirros entre mis zapatos<br \/>\nLuces de estrellas en el pelo<br \/>\nMe acuesto nuevamente y sue\u00f1o<br \/>\nPero volar no puedo.<\/p>\n","protected":false},"excerpt":{"rendered":"<p>Sue\u00f1o con alas Pero volar no puedo El cielo est\u00e1 distante y gris La tierra h\u00fameda me ata a sus ra\u00edces Sin perdonar la audacia de mis levitaciones<\/p>\n<p> <a class=\"continue-reading-link\" href=\"https:\/\/www.canal-literatura.es\/Apoesia6\/110\/\"><span>Leer m\u00e1s<\/span><i class=\"crycon-right-dir\"><\/i><\/a> <\/p>\n","protected":false},"author":1,"featured_media":0,"comment_status":"open","ping_status":"open","sticky":false,"template":"","format":"standard","meta":[],"categories":[4],"tags":[],"amp_enabled":true,"_links":{"self":[{"href":"https:\/\/www.canal-literatura.es\/Apoesia6\/wp-json\/wp\/v2\/posts\/110"}],"collection":[{"href":"https:\/\/www.canal-literatura.es\/Apoesia6\/wp-json\/wp\/v2\/posts"}],"about":[{"href":"https:\/\/www.canal-literatura.es\/Apoesia6\/wp-json\/wp\/v2\/types\/post"}],"author":[{"embeddable":true,"href":"https:\/\/www.canal-literatura.es\/Apoesia6\/wp-json\/wp\/v2\/users\/1"}],"replies":[{"embeddable":true,"href":"https:\/\/www.canal-literatura.es\/Apoesia6\/wp-json\/wp\/v2\/comments?post=110"}],"version-history":[{"count":0,"href":"https:\/\/www.canal-literatura.es\/Apoesia6\/wp-json\/wp\/v2\/posts\/110\/revisions"}],"wp:attachment":[{"href":"https:\/\/www.canal-literatura.es\/Apoesia6\/wp-json\/wp\/v2\/media?parent=110"}],"wp:term":[{"taxonomy":"category","embeddable":true,"href":"https:\/\/www.canal-literatura.es\/Apoesia6\/wp-json\/wp\/v2\/categories?post=110"},{"taxonomy":"post_tag","embeddable":true,"href":"https:\/\/www.canal-literatura.es\/Apoesia6\/wp-json\/wp\/v2\/tags?post=110"}],"curies":[{"name":"wp","href":"https:\/\/api.w.org\/{rel}","templated":true}]}}