{"id":200,"date":"2010-12-06T22:00:50","date_gmt":"2010-12-06T21:00:50","guid":{"rendered":"https:\/\/www.canal-literatura.es\/Apoesia6\/?p=200"},"modified":"2019-11-04T00:33:47","modified_gmt":"2019-11-04T01:33:47","slug":"28-en-colliure-por-la-luz-del-azabache","status":"publish","type":"post","link":"https:\/\/www.canal-literatura.es\/Apoesia6\/200\/","title":{"rendered":"28- En Colliure. Por La luz del azabache"},"content":{"rendered":"<p>Siempre, Antonio, nos ibas hablando de recuerdos,<br \/>\ndel tiempo que se vive, no del reloj del tiempo:<br \/>\n\u201cEstos d\u00edas azules y este sol de la infancia\u2026\u201d<br \/>\n\u2026de un patio de Sevilla, de Soria y tus paseos<br \/>\npor donde traza el Duero su curva de ballesta\u2026<!--more--><\/p>\n<p>No debiste morir anunciando tu muerte.<\/p>\n<p>\u201cEstos d\u00edas azules\u2026 \u201c.<br \/>\nNo has hablado del mar<br \/>\nsi no es el de Castilla en tus poemas,<br \/>\nesas olas del Moncayo azul<br \/>\no el mar de los olivos de Baeza.<br \/>\nY ahora, en el bolsillo de tu chaqueta gris,<br \/>\ndel color del exilio, esas palabras<br \/>\nmientras miras al mar. Esos d\u00edas azules\u2026<\/p>\n<p>Y cuando lleg\u00f3 el d\u00eda de tu \u00faltimo viaje<br \/>\nligero de equipaje contemplabas<br \/>\nel puerto de Colliure, sabiendo que es el mar<br \/>\ndonde desembocamos.<\/p>\n<p>No debiste morir anunciando tu muerte.<\/p>\n<p>* * *<\/p>\n<p>A Colliure fui a verte con algunos alumnos.<br \/>\nLes hab\u00eda le\u00eddo \u201cA un olmo seco\u201d<br \/>\npor ver si verdec\u00eda<br \/>\notro milagro de la primavera.<\/p>\n<p>Cruzamos la frontera por Figueras,<br \/>\ncomo t\u00fa hab\u00edas hecho acabando la guerra<br \/>\nde los facinerosos<br \/>\ncontra una Espa\u00f1a pre\u00f1ada de futuro.<\/p>\n<p>Te alberg\u00f3 una familia, gente buena,<br \/>\nen la misma pensi\u00f3n en que tu madre<br \/>\nse hubiera despedido,<br \/>\ntres d\u00edas antes de que t\u00fa lo hicieras,<br \/>\ndel mundo y de las calamidades.<\/p>\n<p>Y t\u00fa\u2026, desalentado, ligero de equipaje,<br \/>\ncon el alma tranquila, pero triste,<br \/>\nno debiste anunciar tu muerte ya anunciada.<\/p>\n<p>Les dije a mis alumnos: aqu\u00ed muri\u00f3 Machado,<br \/>\nsu poes\u00eda vive<br \/>\ncada vez que os acerc\u00e1is a ella.<\/p>\n<p>Yo, ya un viejo maestro, a estas alturas\u2026<\/p>\n<p>* * *<\/p>\n<p>Fuimos a ver la tumba donde descansa a\u00fan.<br \/>\nUn cementerio humilde de humildes sepulturas<br \/>\nY en la suya que no sobresal\u00eda<br \/>\ndel suelo dos cent\u00edmetros,<br \/>\nrodeada de velas apagadas<br \/>\npero que hab\u00edan ardido,<br \/>\nse pod\u00edan distinguir grabadas<br \/>\nlas letras de su nombre.<br \/>\nY an\u00f3nimos mensajes en papeles ef\u00edmeros.<\/p>\n<p>Pase\u00e9 por el puerto de veleros azules<br \/>\ny record\u00e9 sus versos,<br \/>\npor eso s\u00e9 que a\u00fan vive.<\/p>\n","protected":false},"excerpt":{"rendered":"<p>Siempre, Antonio, nos ibas hablando de recuerdos, del tiempo que se vive, no del reloj del tiempo: \u201cEstos d\u00edas azules y este sol de la infancia\u2026\u201d \u2026de un patio de Sevilla, de Soria y tus paseos por donde traza el Duero su curva de ballesta\u2026<\/p>\n<p> <a class=\"continue-reading-link\" href=\"https:\/\/www.canal-literatura.es\/Apoesia6\/200\/\"><span>Leer m\u00e1s<\/span><i class=\"crycon-right-dir\"><\/i><\/a> <\/p>\n","protected":false},"author":1,"featured_media":166,"comment_status":"open","ping_status":"open","sticky":false,"template":"","format":"standard","meta":[],"categories":[4],"tags":[63,62,64,56],"amp_enabled":true,"_links":{"self":[{"href":"https:\/\/www.canal-literatura.es\/Apoesia6\/wp-json\/wp\/v2\/posts\/200"}],"collection":[{"href":"https:\/\/www.canal-literatura.es\/Apoesia6\/wp-json\/wp\/v2\/posts"}],"about":[{"href":"https:\/\/www.canal-literatura.es\/Apoesia6\/wp-json\/wp\/v2\/types\/post"}],"author":[{"embeddable":true,"href":"https:\/\/www.canal-literatura.es\/Apoesia6\/wp-json\/wp\/v2\/users\/1"}],"replies":[{"embeddable":true,"href":"https:\/\/www.canal-literatura.es\/Apoesia6\/wp-json\/wp\/v2\/comments?post=200"}],"version-history":[{"count":1,"href":"https:\/\/www.canal-literatura.es\/Apoesia6\/wp-json\/wp\/v2\/posts\/200\/revisions"}],"predecessor-version":[{"id":1434,"href":"https:\/\/www.canal-literatura.es\/Apoesia6\/wp-json\/wp\/v2\/posts\/200\/revisions\/1434"}],"wp:featuredmedia":[{"embeddable":true,"href":"https:\/\/www.canal-literatura.es\/Apoesia6\/wp-json\/wp\/v2\/media\/166"}],"wp:attachment":[{"href":"https:\/\/www.canal-literatura.es\/Apoesia6\/wp-json\/wp\/v2\/media?parent=200"}],"wp:term":[{"taxonomy":"category","embeddable":true,"href":"https:\/\/www.canal-literatura.es\/Apoesia6\/wp-json\/wp\/v2\/categories?post=200"},{"taxonomy":"post_tag","embeddable":true,"href":"https:\/\/www.canal-literatura.es\/Apoesia6\/wp-json\/wp\/v2\/tags?post=200"}],"curies":[{"name":"wp","href":"https:\/\/api.w.org\/{rel}","templated":true}]}}