{"id":253,"date":"2010-12-09T00:05:36","date_gmt":"2010-12-08T23:05:36","guid":{"rendered":"https:\/\/www.canal-literatura.es\/Apoesia6\/?p=253"},"modified":"2010-12-10T19:40:08","modified_gmt":"2010-12-10T18:40:08","slug":"40-temporero-por-penrose","status":"publish","type":"post","link":"https:\/\/www.canal-literatura.es\/Apoesia6\/253\/","title":{"rendered":"40-Temporero. Por Penrose"},"content":{"rendered":"<p>Estalactitas de Diciembre<br \/>\nfermentando<br \/>\nbajo la oscuridad de los rostros,<br \/>\nla fricci\u00f3n de los cuerpos,<br \/>\nel fr\u00edo de las manos,<br \/>\nla consabida p\u00e9rdida de sensibilidad.<!--more--><\/p>\n<p>Todos tenemos las mismas sensaciones:<br \/>\nqu\u00e9 hacer con tanto tiempo desplazado de sitio,<br \/>\ncada segundo intemporal<br \/>\nindependiente<br \/>\nde la noci\u00f3n de tiempo. <\/p>\n<p>Qu\u00e9 hacer cuando el recuerdo<br \/>\nse instala en esa parte del est\u00f3mago<br \/>\ndonde estorba la vida<br \/>\ncomo nieve<br \/>\na la puerta de las casas.<\/p>\n<p>Qu\u00e9 hacer, dime,<br \/>\nqu\u00e9 tejer o encender<br \/>\npara el que entra por la puerta<br \/>\ntiritando de fr\u00edo.<\/p>\n<p>Yo me pregunto:<\/p>\n<p>&#8211;\u00bfHay soluci\u00f3n para el cuerpo?<br \/>\nY si la hay,<br \/>\n\u00bfqui\u00e9n nos asegura despu\u00e9s la verdadera calma?<\/p>\n","protected":false},"excerpt":{"rendered":"<p>Estalactitas de Diciembre fermentando bajo la oscuridad de los rostros, la fricci\u00f3n de los cuerpos, el fr\u00edo de las manos, la consabida p\u00e9rdida de sensibilidad.<\/p>\n<p> <a class=\"continue-reading-link\" href=\"https:\/\/www.canal-literatura.es\/Apoesia6\/253\/\"><span>Leer m\u00e1s<\/span><i class=\"crycon-right-dir\"><\/i><\/a> <\/p>\n","protected":false},"author":1,"featured_media":0,"comment_status":"open","ping_status":"open","sticky":false,"template":"","format":"standard","meta":[],"categories":[4],"tags":[],"amp_enabled":true,"_links":{"self":[{"href":"https:\/\/www.canal-literatura.es\/Apoesia6\/wp-json\/wp\/v2\/posts\/253"}],"collection":[{"href":"https:\/\/www.canal-literatura.es\/Apoesia6\/wp-json\/wp\/v2\/posts"}],"about":[{"href":"https:\/\/www.canal-literatura.es\/Apoesia6\/wp-json\/wp\/v2\/types\/post"}],"author":[{"embeddable":true,"href":"https:\/\/www.canal-literatura.es\/Apoesia6\/wp-json\/wp\/v2\/users\/1"}],"replies":[{"embeddable":true,"href":"https:\/\/www.canal-literatura.es\/Apoesia6\/wp-json\/wp\/v2\/comments?post=253"}],"version-history":[{"count":0,"href":"https:\/\/www.canal-literatura.es\/Apoesia6\/wp-json\/wp\/v2\/posts\/253\/revisions"}],"wp:attachment":[{"href":"https:\/\/www.canal-literatura.es\/Apoesia6\/wp-json\/wp\/v2\/media?parent=253"}],"wp:term":[{"taxonomy":"category","embeddable":true,"href":"https:\/\/www.canal-literatura.es\/Apoesia6\/wp-json\/wp\/v2\/categories?post=253"},{"taxonomy":"post_tag","embeddable":true,"href":"https:\/\/www.canal-literatura.es\/Apoesia6\/wp-json\/wp\/v2\/tags?post=253"}],"curies":[{"name":"wp","href":"https:\/\/api.w.org\/{rel}","templated":true}]}}