{"id":266,"date":"2010-12-09T00:49:42","date_gmt":"2010-12-08T23:49:42","guid":{"rendered":"https:\/\/www.canal-literatura.es\/Apoesia6\/?p=266"},"modified":"2010-12-09T00:49:42","modified_gmt":"2010-12-08T23:49:42","slug":"43-ya-no-escribire-versos-por-clavelia","status":"publish","type":"post","link":"https:\/\/www.canal-literatura.es\/Apoesia6\/266\/","title":{"rendered":"43- Ya no escribir\u00e9 versos. Por Clavelia"},"content":{"rendered":"<p>Si un d\u00eda, caminando por la vida<br \/>\nya no me gu\u00edan tus manos,<br \/>\ny al tropezar con una l\u00e1grima<br \/>\nme ahogo en un mar de llanto.<!--more--><\/p>\n<p>Quedar\u00e1n los versos enterrados<br \/>\na la sombra de mi alma.<br \/>\nInvadir\u00e1 la locura a los sonetos.<br \/>\nvolar\u00e1n las met\u00e1foras suicidas<br \/>\n\u00a0\u00a0\u00a0\u00a0\u00a0\u00a0\u00a0 -Ya sin rumbo -.<\/p>\n<p>Ya no escribir\u00e9 versos\u2026<br \/>\nMi pluma yacer\u00e1<br \/>\nen el luto del tintero.<br \/>\nLlorar\u00e1n las rosas<br \/>\nl\u00e1grimas rojas de seda<br \/>\nenredadas entre espinas.<\/p>\n<p>Que sean tus besos mi abrigo<br \/>\nEn las \u00faltimas horas silenciosas<br \/>\nDonde no habr\u00e1 mayor soledad<br \/>\n-ni peor pena-, que morir<br \/>\nSin el roce de tus labios,<br \/>\nSin tus susurros en mi o\u00eddo.<br \/>\nCon un alma muerta de frio<br \/>\nY un abandonado coraz\u00f3n<br \/>\nQue no encuentra tus latidos.<\/p>\n<p>Me voy despacio\u2026<br \/>\n\u00a0\u00a0\u00a0\u00a0\u00a0\u00a0\u00a0\u00a0\u00a0\u00a0\u00a0 De puntillas\u2026<br \/>\nYa no escribir\u00e9 versos.<\/p>\n","protected":false},"excerpt":{"rendered":"<p>Si un d\u00eda, caminando por la vida ya no me gu\u00edan tus manos, y al tropezar con una l\u00e1grima me ahogo en un mar de llanto.<\/p>\n<p> <a class=\"continue-reading-link\" href=\"https:\/\/www.canal-literatura.es\/Apoesia6\/266\/\"><span>Leer m\u00e1s<\/span><i class=\"crycon-right-dir\"><\/i><\/a> <\/p>\n","protected":false},"author":1,"featured_media":0,"comment_status":"open","ping_status":"open","sticky":false,"template":"","format":"standard","meta":[],"categories":[4],"tags":[],"amp_enabled":true,"_links":{"self":[{"href":"https:\/\/www.canal-literatura.es\/Apoesia6\/wp-json\/wp\/v2\/posts\/266"}],"collection":[{"href":"https:\/\/www.canal-literatura.es\/Apoesia6\/wp-json\/wp\/v2\/posts"}],"about":[{"href":"https:\/\/www.canal-literatura.es\/Apoesia6\/wp-json\/wp\/v2\/types\/post"}],"author":[{"embeddable":true,"href":"https:\/\/www.canal-literatura.es\/Apoesia6\/wp-json\/wp\/v2\/users\/1"}],"replies":[{"embeddable":true,"href":"https:\/\/www.canal-literatura.es\/Apoesia6\/wp-json\/wp\/v2\/comments?post=266"}],"version-history":[{"count":0,"href":"https:\/\/www.canal-literatura.es\/Apoesia6\/wp-json\/wp\/v2\/posts\/266\/revisions"}],"wp:attachment":[{"href":"https:\/\/www.canal-literatura.es\/Apoesia6\/wp-json\/wp\/v2\/media?parent=266"}],"wp:term":[{"taxonomy":"category","embeddable":true,"href":"https:\/\/www.canal-literatura.es\/Apoesia6\/wp-json\/wp\/v2\/categories?post=266"},{"taxonomy":"post_tag","embeddable":true,"href":"https:\/\/www.canal-literatura.es\/Apoesia6\/wp-json\/wp\/v2\/tags?post=266"}],"curies":[{"name":"wp","href":"https:\/\/api.w.org\/{rel}","templated":true}]}}