{"id":279,"date":"2010-12-10T10:56:24","date_gmt":"2010-12-10T09:56:24","guid":{"rendered":"https:\/\/www.canal-literatura.es\/Apoesia6\/?p=279"},"modified":"2010-12-10T10:56:24","modified_gmt":"2010-12-10T09:56:24","slug":"45-amo-tu-piel-tendida-a-mis-pies-por-warriorv","status":"publish","type":"post","link":"https:\/\/www.canal-literatura.es\/Apoesia6\/279\/","title":{"rendered":"45- Amo tu piel tendida a mis pies. Por Warriorv"},"content":{"rendered":"<p>Atr\u00e1pame en tu piel, en tus pasiones.<\/p>\n<p>Haz que el tiempo me guarde ese momento<\/p>\n<p>que provoca el incendio de mi carne,<\/p>\n<p>y deja que tu fuego consuma mi tormento.<!--more--><\/p>\n<p>Atr\u00e1pame en tu piel, roba mi alma<\/p>\n<p>que de ti desespera entre suspiros,<\/p>\n<p>insaciable de caricias que te esperan<\/p>\n<p>transformando mis ansias en gemidos.<\/p>\n<p>Atr\u00e1pame en tu piel, que no me escape.<\/p>\n<p>Quiero ser prisionera eternamente<\/p>\n<p>de tu sed, de tu pasi\u00f3n, de tus te amo,<\/p>\n<p>encerrada para siempre en el presente.<\/p>\n<p>Atr\u00e1pame en tu piel, m\u00e9teme dentro.<\/p>\n<p>Gu\u00e1rdame all\u00ed y queda tambi\u00e9n preso<\/p>\n<p>condenado a la fuerza de m\u00ed abrazo<\/p>\n<p>con tus labios envolvi\u00e9ndome en un beso.<\/p>\n","protected":false},"excerpt":{"rendered":"<p>Atr\u00e1pame en tu piel, en tus pasiones. Haz que el tiempo me guarde ese momento que provoca el incendio de mi carne, y deja que tu fuego consuma mi tormento.<\/p>\n<p> <a class=\"continue-reading-link\" href=\"https:\/\/www.canal-literatura.es\/Apoesia6\/279\/\"><span>Leer m\u00e1s<\/span><i class=\"crycon-right-dir\"><\/i><\/a> <\/p>\n","protected":false},"author":1,"featured_media":0,"comment_status":"open","ping_status":"open","sticky":false,"template":"","format":"standard","meta":[],"categories":[4],"tags":[],"amp_enabled":true,"_links":{"self":[{"href":"https:\/\/www.canal-literatura.es\/Apoesia6\/wp-json\/wp\/v2\/posts\/279"}],"collection":[{"href":"https:\/\/www.canal-literatura.es\/Apoesia6\/wp-json\/wp\/v2\/posts"}],"about":[{"href":"https:\/\/www.canal-literatura.es\/Apoesia6\/wp-json\/wp\/v2\/types\/post"}],"author":[{"embeddable":true,"href":"https:\/\/www.canal-literatura.es\/Apoesia6\/wp-json\/wp\/v2\/users\/1"}],"replies":[{"embeddable":true,"href":"https:\/\/www.canal-literatura.es\/Apoesia6\/wp-json\/wp\/v2\/comments?post=279"}],"version-history":[{"count":0,"href":"https:\/\/www.canal-literatura.es\/Apoesia6\/wp-json\/wp\/v2\/posts\/279\/revisions"}],"wp:attachment":[{"href":"https:\/\/www.canal-literatura.es\/Apoesia6\/wp-json\/wp\/v2\/media?parent=279"}],"wp:term":[{"taxonomy":"category","embeddable":true,"href":"https:\/\/www.canal-literatura.es\/Apoesia6\/wp-json\/wp\/v2\/categories?post=279"},{"taxonomy":"post_tag","embeddable":true,"href":"https:\/\/www.canal-literatura.es\/Apoesia6\/wp-json\/wp\/v2\/tags?post=279"}],"curies":[{"name":"wp","href":"https:\/\/api.w.org\/{rel}","templated":true}]}}