{"id":353,"date":"2010-12-17T00:00:05","date_gmt":"2010-12-16T23:00:05","guid":{"rendered":"https:\/\/www.canal-literatura.es\/Apoesia6\/?p=353"},"modified":"2010-12-19T20:39:57","modified_gmt":"2010-12-19T19:39:57","slug":"62-el-fin-por-yo","status":"publish","type":"post","link":"https:\/\/www.canal-literatura.es\/Apoesia6\/353\/","title":{"rendered":"62-El fin. Por Yo"},"content":{"rendered":"<p>Pens\u00e9 que todo hab\u00eda terminado cuando Dios decidi\u00f3 crear al mundo.<br \/>\nPero no,<br \/>\nla acci\u00f3n imprecisa del destino,<br \/>\nla especulaci\u00f3n del origen de esta humanidad predestin\u00f3<br \/>\nsucesos que acontecer\u00edan antes de la creaci\u00f3n del hombre. <!--more--><br \/>\nEn aquellos momentos que depend\u00edan<br \/>\nde la inmortalidad de no haber nacido aun,<br \/>\nla necesidad innata instal\u00f3, por deber o gracia divina,<br \/>\nmi deuda oportuna:<br \/>\nel momento del inicio del pensamiento referido<br \/>\no consagrado a un progreso l\u00f3gico.<br \/>\nLa piel avanz\u00f3 como la creaci\u00f3n de la tierra al cielo,<br \/>\ndel agua a la respiraci\u00f3n del universo.<br \/>\nDios y su pol\u00edtica de igualdad comprendi\u00f3<br \/>\nque la raz\u00f3n de vivir es la justificaci\u00f3n de la muerte.<br \/>\nPero la ciencia del Supremo no resign\u00f3 los principios<br \/>\nantes que El:<br \/>\nla soledad, la tristeza como n\u00famero primario de su cuenta insensata.<br \/>\nDios se present\u00f3 como una asignaci\u00f3n a la ignorancia,<br \/>\nporque aun no ha sido evaluada la libertad de elegir<br \/>\nhaber nacidos vivos o muertos.<br \/>\nAlguien contiene sangre,<br \/>\nes duro pensar si las venas transitan nuestra mirada.<br \/>\nEl cuerpo es la ra\u00edz de la acci\u00f3n \u00fanica de la verdad.<br \/>\nNada ha sido engendrado.<br \/>\nEs arrogante el crimen de desear todo lo que ha sido dolor.<br \/>\nEn la m\u00ednima cavidad de existencia,<br \/>\nlas heridas son naciones mortales completadas por hambre y<br \/>\nla desesperaci\u00f3n de respirar. Antes y ahora de beber<br \/>\nlo que yace suspendido. Tu sed nos sepulta.<br \/>\nLa lectura es la defunci\u00f3n de tantos bosques.<br \/>\nLas \u00e9pocas eran la etapa interrogada por la historia.<br \/>\nDespu\u00e9s vinieron remando las ideas contra el agua y<br \/>\nquemaron nuestros versos,<br \/>\nse crearon los poemas como heridas<br \/>\nno sangrantes, entintadas.<br \/>\nDesterraron versos de poetas,<br \/>\nmataron nuestros hijos sin familias,<br \/>\nexcomulgaron sepultureros,<br \/>\nesperaron la respuesta de una tierra acantilada.<\/p>\n","protected":false},"excerpt":{"rendered":"<p>Pens\u00e9 que todo hab\u00eda terminado cuando Dios decidi\u00f3 crear al mundo. Pero no, la acci\u00f3n imprecisa del destino, la especulaci\u00f3n del origen de esta humanidad predestin\u00f3 sucesos que acontecer\u00edan antes de la creaci\u00f3n del hombre.<\/p>\n<p> <a class=\"continue-reading-link\" href=\"https:\/\/www.canal-literatura.es\/Apoesia6\/353\/\"><span>Leer m\u00e1s<\/span><i class=\"crycon-right-dir\"><\/i><\/a> <\/p>\n","protected":false},"author":1,"featured_media":0,"comment_status":"open","ping_status":"open","sticky":false,"template":"","format":"standard","meta":[],"categories":[4],"tags":[],"amp_enabled":true,"_links":{"self":[{"href":"https:\/\/www.canal-literatura.es\/Apoesia6\/wp-json\/wp\/v2\/posts\/353"}],"collection":[{"href":"https:\/\/www.canal-literatura.es\/Apoesia6\/wp-json\/wp\/v2\/posts"}],"about":[{"href":"https:\/\/www.canal-literatura.es\/Apoesia6\/wp-json\/wp\/v2\/types\/post"}],"author":[{"embeddable":true,"href":"https:\/\/www.canal-literatura.es\/Apoesia6\/wp-json\/wp\/v2\/users\/1"}],"replies":[{"embeddable":true,"href":"https:\/\/www.canal-literatura.es\/Apoesia6\/wp-json\/wp\/v2\/comments?post=353"}],"version-history":[{"count":0,"href":"https:\/\/www.canal-literatura.es\/Apoesia6\/wp-json\/wp\/v2\/posts\/353\/revisions"}],"wp:attachment":[{"href":"https:\/\/www.canal-literatura.es\/Apoesia6\/wp-json\/wp\/v2\/media?parent=353"}],"wp:term":[{"taxonomy":"category","embeddable":true,"href":"https:\/\/www.canal-literatura.es\/Apoesia6\/wp-json\/wp\/v2\/categories?post=353"},{"taxonomy":"post_tag","embeddable":true,"href":"https:\/\/www.canal-literatura.es\/Apoesia6\/wp-json\/wp\/v2\/tags?post=353"}],"curies":[{"name":"wp","href":"https:\/\/api.w.org\/{rel}","templated":true}]}}