{"id":361,"date":"2010-12-18T00:05:52","date_gmt":"2010-12-17T23:05:52","guid":{"rendered":"https:\/\/www.canal-literatura.es\/Apoesia6\/?p=361"},"modified":"2010-12-17T23:05:22","modified_gmt":"2010-12-17T22:05:22","slug":"64-hay-dias-por-nadir","status":"publish","type":"post","link":"https:\/\/www.canal-literatura.es\/Apoesia6\/361\/","title":{"rendered":"64- Hay d\u00edas. Por Nadir"},"content":{"rendered":"<p>Hay d\u00edas que no s\u00e9 lo que me pasa,<br \/>\npero ya al levantarme es evidente<br \/>\nque todo se me ha quedado peque\u00f1o: <!--more--><br \/>\nla taza de caf\u00e9, las zapatillas,<br \/>\nlo racional, el universo, el tiempo\u2026<br \/>\nY me voy a  la calle buscando algo<br \/>\nque justifique mi hambre y mi alegr\u00eda.<br \/>\nMe r\u00edo de la gente y de su prisa,<br \/>\ny descubro lugares fascinantes<br \/>\n     &#8211; donde se esconden seres mitol\u00f3gicos-<br \/>\na dos o tres manzanas de mi casa.<br \/>\nSin nostalgias ni ganas de pasado<br \/>\ncanto a gritos canciones de hace siglos<br \/>\nque residen en m\u00ed sin mi permiso.<br \/>\nE insumisa y voraz, sigo buscando. <\/p>\n<p>Hay d\u00edas que no s\u00e9 lo que me pasa.<br \/>\nRaros d\u00edas que  no me duele nada<br \/>\ny s\u00f3lo siento avaricia de vida.  <\/p>\n","protected":false},"excerpt":{"rendered":"<p>Hay d\u00edas que no s\u00e9 lo que me pasa, pero ya al levantarme es evidente que todo se me ha quedado peque\u00f1o:<\/p>\n<p> <a class=\"continue-reading-link\" href=\"https:\/\/www.canal-literatura.es\/Apoesia6\/361\/\"><span>Leer m\u00e1s<\/span><i class=\"crycon-right-dir\"><\/i><\/a> <\/p>\n","protected":false},"author":1,"featured_media":0,"comment_status":"open","ping_status":"open","sticky":false,"template":"","format":"standard","meta":[],"categories":[4],"tags":[],"amp_enabled":true,"_links":{"self":[{"href":"https:\/\/www.canal-literatura.es\/Apoesia6\/wp-json\/wp\/v2\/posts\/361"}],"collection":[{"href":"https:\/\/www.canal-literatura.es\/Apoesia6\/wp-json\/wp\/v2\/posts"}],"about":[{"href":"https:\/\/www.canal-literatura.es\/Apoesia6\/wp-json\/wp\/v2\/types\/post"}],"author":[{"embeddable":true,"href":"https:\/\/www.canal-literatura.es\/Apoesia6\/wp-json\/wp\/v2\/users\/1"}],"replies":[{"embeddable":true,"href":"https:\/\/www.canal-literatura.es\/Apoesia6\/wp-json\/wp\/v2\/comments?post=361"}],"version-history":[{"count":0,"href":"https:\/\/www.canal-literatura.es\/Apoesia6\/wp-json\/wp\/v2\/posts\/361\/revisions"}],"wp:attachment":[{"href":"https:\/\/www.canal-literatura.es\/Apoesia6\/wp-json\/wp\/v2\/media?parent=361"}],"wp:term":[{"taxonomy":"category","embeddable":true,"href":"https:\/\/www.canal-literatura.es\/Apoesia6\/wp-json\/wp\/v2\/categories?post=361"},{"taxonomy":"post_tag","embeddable":true,"href":"https:\/\/www.canal-literatura.es\/Apoesia6\/wp-json\/wp\/v2\/tags?post=361"}],"curies":[{"name":"wp","href":"https:\/\/api.w.org\/{rel}","templated":true}]}}