{"id":365,"date":"2010-12-18T00:10:58","date_gmt":"2010-12-17T23:10:58","guid":{"rendered":"https:\/\/www.canal-literatura.es\/Apoesia6\/?p=365"},"modified":"2010-12-17T23:09:13","modified_gmt":"2010-12-17T22:09:13","slug":"65-%c2%bfvengo-por-kara","status":"publish","type":"post","link":"https:\/\/www.canal-literatura.es\/Apoesia6\/365\/","title":{"rendered":"65-\u00bfVengo?  Por Kara"},"content":{"rendered":"<p>Vengo sigui\u00e9ndote desde ma\u00f1ana<br \/>\nhe estado mir\u00e1ndote desde tus ojos,<br \/>\nTranquila, callada,<!--more--><br \/>\nesperando que el reloj marque las 25<br \/>\npara atraparte en la vigilia del despertar,<br \/>\ncuando eres m\u00e1s m\u00eda que de nadie,<br \/>\nespl\u00e9ndida, encantada,<br \/>\ny estuve cre\u00e1ndote entre mis u\u00f1as,<br \/>\ny  as\u00ed pude guardarte antes de irme a la cama,<br \/>\na so\u00f1arte entre posturas imposibles,<br \/>\nSuave, eterna,<br \/>\nImaginada.<\/p>\n","protected":false},"excerpt":{"rendered":"<p>Vengo sigui\u00e9ndote desde ma\u00f1ana he estado mir\u00e1ndote desde tus ojos, Tranquila, callada,<\/p>\n<p> <a class=\"continue-reading-link\" href=\"https:\/\/www.canal-literatura.es\/Apoesia6\/365\/\"><span>Leer m\u00e1s<\/span><i class=\"crycon-right-dir\"><\/i><\/a> <\/p>\n","protected":false},"author":1,"featured_media":0,"comment_status":"open","ping_status":"open","sticky":false,"template":"","format":"standard","meta":[],"categories":[4],"tags":[],"amp_enabled":true,"_links":{"self":[{"href":"https:\/\/www.canal-literatura.es\/Apoesia6\/wp-json\/wp\/v2\/posts\/365"}],"collection":[{"href":"https:\/\/www.canal-literatura.es\/Apoesia6\/wp-json\/wp\/v2\/posts"}],"about":[{"href":"https:\/\/www.canal-literatura.es\/Apoesia6\/wp-json\/wp\/v2\/types\/post"}],"author":[{"embeddable":true,"href":"https:\/\/www.canal-literatura.es\/Apoesia6\/wp-json\/wp\/v2\/users\/1"}],"replies":[{"embeddable":true,"href":"https:\/\/www.canal-literatura.es\/Apoesia6\/wp-json\/wp\/v2\/comments?post=365"}],"version-history":[{"count":0,"href":"https:\/\/www.canal-literatura.es\/Apoesia6\/wp-json\/wp\/v2\/posts\/365\/revisions"}],"wp:attachment":[{"href":"https:\/\/www.canal-literatura.es\/Apoesia6\/wp-json\/wp\/v2\/media?parent=365"}],"wp:term":[{"taxonomy":"category","embeddable":true,"href":"https:\/\/www.canal-literatura.es\/Apoesia6\/wp-json\/wp\/v2\/categories?post=365"},{"taxonomy":"post_tag","embeddable":true,"href":"https:\/\/www.canal-literatura.es\/Apoesia6\/wp-json\/wp\/v2\/tags?post=365"}],"curies":[{"name":"wp","href":"https:\/\/api.w.org\/{rel}","templated":true}]}}