{"id":369,"date":"2010-12-19T19:40:32","date_gmt":"2010-12-19T18:40:32","guid":{"rendered":"https:\/\/www.canal-literatura.es\/Apoesia6\/?p=369"},"modified":"2010-12-25T11:28:01","modified_gmt":"2010-12-25T10:28:01","slug":"66-uno-de-cinismo-por-cornelio-cornejin","status":"publish","type":"post","link":"https:\/\/www.canal-literatura.es\/Apoesia6\/369\/","title":{"rendered":"66- Uno de cinismo. Por Cornelio Cornej\u00edn"},"content":{"rendered":"<p>Seg\u00fan nos cuenta Di\u00f3genes, un d\u00eda<br \/>\nse hallaba el buen Metrocles escuchando<br \/>\na un grave pensador que iba entregando<br \/>\nal p\u00fablico su gran pedanter\u00eda.<!--more--><\/p>\n<p>Y hablando de pedantes, a este chico<br \/>\nsurgi\u00f3le de repente, sin conciencia,<br \/>\naquello a lo que llaman flatulencia,<br \/>\nruidosa y con aroma nada rico.<\/p>\n<p>El grave pensador y sus secuaces<br \/>\ncon tosca indignaci\u00f3n lo se\u00f1alaron<br \/>\ny \u00ab\u00a1v\u00e1yase de aqu\u00ed! &#8211;le decretaron&#8211;;<br \/>\n\u00a1no vuelva a interrumpirnos con sus gases!<\/p>\n<p>Y el joven aprendiz aristot\u00e9lico,<br \/>\ncargado hasta el copete de verg\u00fcenzas,<br \/>\nsumi\u00f3se en depresiones tan intensas<br \/>\nque lo dejaron s\u00f3rdido y fam\u00e9lico.<\/p>\n<p>A o\u00eddos del gran Crates lleg\u00f3 el tema<br \/>\nde aquel que con su angustia se mor\u00eda<br \/>\npor no saber que a la filosof\u00eda<br \/>\nno debe interrump\u00edrsele su flema.<\/p>\n<p>\u00ab\u00bfPor qu\u00e9 est\u00e1 avergonzado ese muchacho?<br \/>\n\u00bfHay quien carezca de esas efusiones?<br \/>\nSe burlan de \u00e9l&#8230; \u00a1Qu\u00e9 crueles corazones!<br \/>\n\u00a1Qu\u00e9 necio proceder, qu\u00e9 mamarracho!\u00bb<\/p>\n<p>Dispuesto a no dejarlo en su agon\u00eda,<br \/>\nel c\u00ednico encendi\u00f3 todas sus luces:<br \/>\nse cocin\u00f3 un guisado de altramuces<br \/>\ny fue al encuentro de \u00e9l al otro d\u00eda.<\/p>\n<p>\u00ab\u00bfQu\u00e9 quiere usted de m\u00ed, qu\u00e9 necesita?<br \/>\n\u00bfNo puedo estar en paz con mi dolor?\u00bb<br \/>\n\u00abS\u00ed puede, pero sepa \u00a1prrr! se\u00f1or,<br \/>\nque usted es \u00a1prrr! un hombre que me irrita\u00bb.<\/p>\n<p>\u00abUsted es \u00a1prrr! grosero y asqueroso.<br \/>\nCagarse en el Liceo&#8230;, \u00a1qu\u00e9 licencia!<br \/>\n\u00bfNo sabe \u00a1prrr! que all\u00ed se aprende ciencia,<br \/>\nque todo all\u00ed es \u00a1prrr! sabio y majestuoso?<br \/>\n\u00a1Merece \u00a1prrr! pudrirse, disoluto!<br \/>\n\u00a1No es digno de Arist\u00f3teles, no es serio!<br \/>\nNo \u00a1prrr!, no \u00a1prrr!, no s\u00e9 por qu\u00e9 misterio<br \/>\naspira a ser fil\u00f3sofo, \u00a1prrr! \u00a1bruto!\u00bb<\/p>\n<p>Y as\u00ed sigui\u00f3 el serm\u00f3n de guarangadas,<br \/>\ncon muchas pausas breves y armoniosas<br \/>\nque fueron transform\u00e1ndose en hermosas,<br \/>\nen vivas, redentoras carcajadas.<\/p>\n<p>Metrocles se hizo c\u00ednico, sus miedos<br \/>\nal qu\u00e9 dir\u00e1n march\u00e1ronse de Atenas.<br \/>\n\u00a1Yo quiero que mis calles est\u00e9n llenas<br \/>\nde gente que se r\u00eda de sus pedos!<\/p>\n","protected":false},"excerpt":{"rendered":"<p>Seg\u00fan nos cuenta Di\u00f3genes, un d\u00eda se hallaba el buen Metrocles escuchando a un grave pensador que iba entregando al p\u00fablico su gran pedanter\u00eda.<\/p>\n<p> <a class=\"continue-reading-link\" href=\"https:\/\/www.canal-literatura.es\/Apoesia6\/369\/\"><span>Leer m\u00e1s<\/span><i class=\"crycon-right-dir\"><\/i><\/a> <\/p>\n","protected":false},"author":1,"featured_media":0,"comment_status":"open","ping_status":"open","sticky":false,"template":"","format":"standard","meta":[],"categories":[4],"tags":[],"amp_enabled":true,"_links":{"self":[{"href":"https:\/\/www.canal-literatura.es\/Apoesia6\/wp-json\/wp\/v2\/posts\/369"}],"collection":[{"href":"https:\/\/www.canal-literatura.es\/Apoesia6\/wp-json\/wp\/v2\/posts"}],"about":[{"href":"https:\/\/www.canal-literatura.es\/Apoesia6\/wp-json\/wp\/v2\/types\/post"}],"author":[{"embeddable":true,"href":"https:\/\/www.canal-literatura.es\/Apoesia6\/wp-json\/wp\/v2\/users\/1"}],"replies":[{"embeddable":true,"href":"https:\/\/www.canal-literatura.es\/Apoesia6\/wp-json\/wp\/v2\/comments?post=369"}],"version-history":[{"count":0,"href":"https:\/\/www.canal-literatura.es\/Apoesia6\/wp-json\/wp\/v2\/posts\/369\/revisions"}],"wp:attachment":[{"href":"https:\/\/www.canal-literatura.es\/Apoesia6\/wp-json\/wp\/v2\/media?parent=369"}],"wp:term":[{"taxonomy":"category","embeddable":true,"href":"https:\/\/www.canal-literatura.es\/Apoesia6\/wp-json\/wp\/v2\/categories?post=369"},{"taxonomy":"post_tag","embeddable":true,"href":"https:\/\/www.canal-literatura.es\/Apoesia6\/wp-json\/wp\/v2\/tags?post=369"}],"curies":[{"name":"wp","href":"https:\/\/api.w.org\/{rel}","templated":true}]}}