{"id":388,"date":"2010-12-21T00:05:23","date_gmt":"2010-12-20T23:05:23","guid":{"rendered":"https:\/\/www.canal-literatura.es\/Apoesia6\/?p=388"},"modified":"2010-12-20T18:57:57","modified_gmt":"2010-12-20T17:57:57","slug":"71-buenas-noches-o-poema-que-nunca-me-escribiste-por-pcq","status":"publish","type":"post","link":"https:\/\/www.canal-literatura.es\/Apoesia6\/388\/","title":{"rendered":"71- Buenas noches (o poema que nunca me escribiste). Por PCQ"},"content":{"rendered":"<p>Ven a callar conmigo,<br \/>\nque no hay mejor silencio que el de tus labios juntos.<br \/>\nVen a escuchar conmigo<br \/>\nun concierto de r\u00edtmicos silencios a dos voces.<!--more--><br \/>\nPerm\u00edteme mirarte,<br \/>\nadmirar tu perfecci\u00f3n sin alterarla.<br \/>\nD\u00e9jate contemplar,<br \/>\ndesnuda y blanca; quieta y horizontal sobre mi calma.<br \/>\nQue quiero concentrar cada sentido,<br \/>\ntodo lo que mi cuerpo me transmita,<br \/>\nen el contacto de tu mano fr\u00eda.<br \/>\nNo quiero escuchar m\u00e1s que tu presencia,<br \/>\ntu aura de plata tumbada a mi lado.<br \/>\nTu respirar abdominal y lento<br \/>\nque juega acompasando mis latidos.<br \/>\nY as\u00ed esperar, serenamente,<br \/>\nel espect\u00e1culo de la ca\u00edda de tus p\u00e1rpados;<br \/>\nel viajar de tus pesta\u00f1as largas<br \/>\nhacia el final del d\u00eda que termina.<br \/>\nBello tel\u00f3n que guarda tu mirada<br \/>\nhasta la fiesta del amanecer contigo.<\/p>\n","protected":false},"excerpt":{"rendered":"<p>Ven a callar conmigo, que no hay mejor silencio que el de tus labios juntos. Ven a escuchar conmigo un concierto de r\u00edtmicos silencios a dos voces.<\/p>\n<p> <a class=\"continue-reading-link\" href=\"https:\/\/www.canal-literatura.es\/Apoesia6\/388\/\"><span>Leer m\u00e1s<\/span><i class=\"crycon-right-dir\"><\/i><\/a> <\/p>\n","protected":false},"author":1,"featured_media":0,"comment_status":"open","ping_status":"open","sticky":false,"template":"","format":"standard","meta":[],"categories":[4],"tags":[],"amp_enabled":true,"_links":{"self":[{"href":"https:\/\/www.canal-literatura.es\/Apoesia6\/wp-json\/wp\/v2\/posts\/388"}],"collection":[{"href":"https:\/\/www.canal-literatura.es\/Apoesia6\/wp-json\/wp\/v2\/posts"}],"about":[{"href":"https:\/\/www.canal-literatura.es\/Apoesia6\/wp-json\/wp\/v2\/types\/post"}],"author":[{"embeddable":true,"href":"https:\/\/www.canal-literatura.es\/Apoesia6\/wp-json\/wp\/v2\/users\/1"}],"replies":[{"embeddable":true,"href":"https:\/\/www.canal-literatura.es\/Apoesia6\/wp-json\/wp\/v2\/comments?post=388"}],"version-history":[{"count":0,"href":"https:\/\/www.canal-literatura.es\/Apoesia6\/wp-json\/wp\/v2\/posts\/388\/revisions"}],"wp:attachment":[{"href":"https:\/\/www.canal-literatura.es\/Apoesia6\/wp-json\/wp\/v2\/media?parent=388"}],"wp:term":[{"taxonomy":"category","embeddable":true,"href":"https:\/\/www.canal-literatura.es\/Apoesia6\/wp-json\/wp\/v2\/categories?post=388"},{"taxonomy":"post_tag","embeddable":true,"href":"https:\/\/www.canal-literatura.es\/Apoesia6\/wp-json\/wp\/v2\/tags?post=388"}],"curies":[{"name":"wp","href":"https:\/\/api.w.org\/{rel}","templated":true}]}}