{"id":451,"date":"2010-12-26T20:22:39","date_gmt":"2010-12-26T19:22:39","guid":{"rendered":"https:\/\/www.canal-literatura.es\/Apoesia6\/?p=451"},"modified":"2010-12-26T20:22:39","modified_gmt":"2010-12-26T19:22:39","slug":"89-rostro-pendiente-por-jose-narciso","status":"publish","type":"post","link":"https:\/\/www.canal-literatura.es\/Apoesia6\/451\/","title":{"rendered":"89- Rostro pendiente. Por Jos\u00e9 Narciso"},"content":{"rendered":"<p>Vengo de la sangre derramada<br \/>\ny de un pe\u00f1\u00f3n de hombres que alcanz\u00f3 a  la historia<br \/>\ncon  centauros. Vengo sin vengar, con mi lengua limpia<br \/>\ny un coraz\u00f3n de trige desgarrado<!--more--><\/p>\n<p>Mi piel es de cobres desvanecidos a los pies de un cerro<br \/>\ncuando la muerte cala hondo en la tierra que a\u00fan<br \/>\nno es patria<br \/>\nni es campo de banderas<br \/>\nes s\u00f3lo tierra de hombres que la abrazan<\/p>\n<p>Mi hueso es de estacas en forma de cruz<br \/>\nque sostienen la noche con tu toldo de luci\u00e9rnagas<br \/>\ncuando la hoguera desparrama sombras<br \/>\ny canto<br \/>\ny danzas hechiceras.<\/p>\n<p>Mi pecho lleva escrito su continente con rasgu\u00f1os de c\u00f3ndores<br \/>\nen el vuelo de un grito que no clama, que no ruega,<br \/>\nque no calla,<br \/>\nque es hurac\u00e1n de dioses sepultados<br \/>\nque no han muerto, que no  duermen<br \/>\ny velan en las selvas<br \/>\nsus dolores en las ramas<\/p>\n<p>Mis  danzas disuelven en el agua una luna y un sol<br \/>\ncuando desbordan las estrella y florecen<br \/>\nde sudor los colores en el aire.. Danzas del ave<br \/>\nhecho de l\u00e1grima y pasi\u00f3n sobre las heridas espaldas<br \/>\ndel cielo de la tarde. Danzas, sin m\u00e1s sonidos<br \/>\nni justificaci\u00f3n que el alma.<\/p>\n<p>Mi canto y mi hambre y mi dolor<br \/>\ncaben en un guijarro milenario amasado con tierra y savia<br \/>\nde blancos esbirros , de los que suelen herir de muerte<br \/>\nel coraz\u00f3n del puma sedoso y sediento<br \/>\nque ahoga sus pasos con u\u00f1as de oxidiana<\/p>\n<p>Mi rostro sin rostro es un cristo ni jud\u00edo ni blanco ni de cobre<br \/>\nque se quiebra en el monte de los muertos<br \/>\ny arroja su corona a los dioses marinos<br \/>\npara ser s\u00f3lo sudor y sangre<br \/>\ns\u00f3lo muerte oprobiosa y tumba vaciada<br \/>\ns\u00f3lo hombre sin m\u00e1s rostro que el del hombre que ya no lo recuerda<br \/>\ncuando pasa frente al agua,<br \/>\nun rostro disuelto en los sudario,<br \/>\nel que ve sin mirar y se hace polvo de sandalias.<br \/>\nEl rostro olvidado  en un  pesebre de basura<br \/>\ndonde nacen sin pausa, fantasmales,<br \/>\n los dioses de ma\u00f1ana.<\/p>\n","protected":false},"excerpt":{"rendered":"<p>Vengo de la sangre derramada y de un pe\u00f1\u00f3n de hombres que alcanz\u00f3 a la historia con centauros. Vengo sin vengar, con mi lengua limpia y un coraz\u00f3n de trige desgarrado<\/p>\n<p> <a class=\"continue-reading-link\" href=\"https:\/\/www.canal-literatura.es\/Apoesia6\/451\/\"><span>Leer m\u00e1s<\/span><i class=\"crycon-right-dir\"><\/i><\/a> <\/p>\n","protected":false},"author":1,"featured_media":0,"comment_status":"open","ping_status":"open","sticky":false,"template":"","format":"standard","meta":[],"categories":[4],"tags":[],"amp_enabled":true,"_links":{"self":[{"href":"https:\/\/www.canal-literatura.es\/Apoesia6\/wp-json\/wp\/v2\/posts\/451"}],"collection":[{"href":"https:\/\/www.canal-literatura.es\/Apoesia6\/wp-json\/wp\/v2\/posts"}],"about":[{"href":"https:\/\/www.canal-literatura.es\/Apoesia6\/wp-json\/wp\/v2\/types\/post"}],"author":[{"embeddable":true,"href":"https:\/\/www.canal-literatura.es\/Apoesia6\/wp-json\/wp\/v2\/users\/1"}],"replies":[{"embeddable":true,"href":"https:\/\/www.canal-literatura.es\/Apoesia6\/wp-json\/wp\/v2\/comments?post=451"}],"version-history":[{"count":0,"href":"https:\/\/www.canal-literatura.es\/Apoesia6\/wp-json\/wp\/v2\/posts\/451\/revisions"}],"wp:attachment":[{"href":"https:\/\/www.canal-literatura.es\/Apoesia6\/wp-json\/wp\/v2\/media?parent=451"}],"wp:term":[{"taxonomy":"category","embeddable":true,"href":"https:\/\/www.canal-literatura.es\/Apoesia6\/wp-json\/wp\/v2\/categories?post=451"},{"taxonomy":"post_tag","embeddable":true,"href":"https:\/\/www.canal-literatura.es\/Apoesia6\/wp-json\/wp\/v2\/tags?post=451"}],"curies":[{"name":"wp","href":"https:\/\/api.w.org\/{rel}","templated":true}]}}