{"id":478,"date":"2010-12-28T00:06:49","date_gmt":"2010-12-27T23:06:49","guid":{"rendered":"https:\/\/www.canal-literatura.es\/Apoesia6\/?p=478"},"modified":"2010-12-29T03:30:51","modified_gmt":"2010-12-29T02:30:51","slug":"96-leyenda-por-amen","status":"publish","type":"post","link":"https:\/\/www.canal-literatura.es\/Apoesia6\/478\/","title":{"rendered":"96- Leyenda. Por Am\u00e9n"},"content":{"rendered":"<p>No ten\u00eda nombre aquel que transit\u00f3<br \/>\nlas calles de una ciudad desconocida<br \/>\npoblada por gente sin rostro en el tiempo<br \/>\ninsomne de la mentira interminable<!--more--><\/p>\n<p>Ven\u00eda de muy lejos deseando encontrar<br \/>\nen la extra\u00f1a muchedumbre<span style=\"color: #ffffff;\">&#8212;<\/span>alg\u00fan signo<br \/>\nque pudiera encaminarle a la esencia<br \/>\nde lo oculto en la memoria imperceptible<\/p>\n<p>Busc\u00f3 en el sinsentido<span style=\"color: #ffffff;\">&#8212;<\/span>y m\u00e1s all\u00e1<br \/>\nen lo ignoto de si mismo<span style=\"color: #ffffff;\">&#8212;<\/span>presinti\u00f3<br \/>\nel origen de aquella verdad inexplicable<\/p>\n<p>Supo entonces que la nada pose\u00eda<br \/>\nla revelaci\u00f3n de aquel misterio<span style=\"color: #ffffff;\">&#8212;<\/span>y<br \/>\n<em>solo<span style=\"color: #ffffff;\">&#8212;<\/span><\/em> se march\u00f3 a lo inconcebible.<\/p>\n","protected":false},"excerpt":{"rendered":"<p>No ten\u00eda nombre aquel que transit\u00f3 las calles de una ciudad desconocida poblada por gente sin rostro en el tiempo insomne de la mentira interminable<\/p>\n<p> <a class=\"continue-reading-link\" href=\"https:\/\/www.canal-literatura.es\/Apoesia6\/478\/\"><span>Leer m\u00e1s<\/span><i class=\"crycon-right-dir\"><\/i><\/a> <\/p>\n","protected":false},"author":1,"featured_media":0,"comment_status":"open","ping_status":"open","sticky":false,"template":"","format":"standard","meta":[],"categories":[4],"tags":[],"amp_enabled":true,"_links":{"self":[{"href":"https:\/\/www.canal-literatura.es\/Apoesia6\/wp-json\/wp\/v2\/posts\/478"}],"collection":[{"href":"https:\/\/www.canal-literatura.es\/Apoesia6\/wp-json\/wp\/v2\/posts"}],"about":[{"href":"https:\/\/www.canal-literatura.es\/Apoesia6\/wp-json\/wp\/v2\/types\/post"}],"author":[{"embeddable":true,"href":"https:\/\/www.canal-literatura.es\/Apoesia6\/wp-json\/wp\/v2\/users\/1"}],"replies":[{"embeddable":true,"href":"https:\/\/www.canal-literatura.es\/Apoesia6\/wp-json\/wp\/v2\/comments?post=478"}],"version-history":[{"count":0,"href":"https:\/\/www.canal-literatura.es\/Apoesia6\/wp-json\/wp\/v2\/posts\/478\/revisions"}],"wp:attachment":[{"href":"https:\/\/www.canal-literatura.es\/Apoesia6\/wp-json\/wp\/v2\/media?parent=478"}],"wp:term":[{"taxonomy":"category","embeddable":true,"href":"https:\/\/www.canal-literatura.es\/Apoesia6\/wp-json\/wp\/v2\/categories?post=478"},{"taxonomy":"post_tag","embeddable":true,"href":"https:\/\/www.canal-literatura.es\/Apoesia6\/wp-json\/wp\/v2\/tags?post=478"}],"curies":[{"name":"wp","href":"https:\/\/api.w.org\/{rel}","templated":true}]}}