{"id":578,"date":"2011-01-02T12:14:30","date_gmt":"2011-01-02T11:14:30","guid":{"rendered":"https:\/\/www.canal-literatura.es\/Apoesia6\/?p=578"},"modified":"2011-01-02T12:14:49","modified_gmt":"2011-01-02T11:14:49","slug":"119-el-corazon-de-las-aranas-por-leon","status":"publish","type":"post","link":"https:\/\/www.canal-literatura.es\/Apoesia6\/578\/","title":{"rendered":"119- El coraz\u00f3n de las ara\u00f1as. Por Le\u00f3n"},"content":{"rendered":"<address style=\"padding-left: 210px;\"><em>\u201cEstoy condenado a destripar el coraz\u00f3n de las ara\u00f1as,<br \/>\na poner los dedos dentro de la caldera de una flor\u201d<br \/>\n(Santiago Azar)<\/em> <\/address>\n<address style=\"padding-left: 210px;\"><\/address>\n<p style=\"padding-left: 90px;\">Vendr\u00e1n con antorchas encendidas,<br \/>\nhelando a su paso la sonrisa;<br \/>\npoderosos caballeros de Quevedo,<br \/>\noligarcas vestidos de cordero.<!--more--><\/p>\n<p style=\"padding-left: 90px;\">Presiento que nunca se han ido.<br \/>\nSon engendros en la m\u00e1quina del tiempo<br \/>\ncomo una evocaci\u00f3n recurrente de los siglos.<br \/>\nMe los cruzar\u00e9 en cualquier esquina,<br \/>\nen el trabajo, en el parque\u2026 en la sopa.<br \/>\nRemedando \u00e9pocas que no fueron mejores.<br \/>\nFingida melancol\u00eda. Avieso enigma.<br \/>\nMe buscar\u00e1n como a barco en el desierto,<br \/>\ny escondidos en la largura del silencio<br \/>\nindagar\u00e1n en mi conducta y pensamiento.<br \/>\nNo les dar\u00e9 motivo ni mansedumbre<br \/>\no volver\u00e1n los oscuros tiempos<br \/>\nen los que las cosas ten\u00edan due\u00f1o,<br \/>\ny no era yo.<br \/>\nNi dejar\u00e9 escapar el aliento<br \/>\nen el que se asienta el origen de la belleza<br \/>\ny lo natural de la alegr\u00eda.<\/p>\n<p style=\"padding-left: 90px;\">Deben saber que adoro la rutina de mi casa<br \/>\ny ver la primera luz del d\u00eda.<br \/>\nQue alguien invent\u00f3 la libertad<br \/>\ny a m\u00ed me toca preservarla.<br \/>\nPorque: \u00bfDe qu\u00e9 sirve si no la herencia?<\/p>\n<p style=\"padding-left: 90px;\">Sublime sentimiento<br \/>\nel de no percibir el peligro<br \/>\nde la noche en las pupilas.<\/p>\n<p style=\"padding-left: 90px;\">As\u00ed existo, emparentado con Plat\u00f3n,<br \/>\ncon Cervantes\u2026 Con la vida.<\/p>\n<p style=\"padding-left: 90px;\">Puede que no conozca el escondrijo de la ara\u00f1a<br \/>\npero tengo el plano de la ciudad<br \/>\ny sus murallas.<\/p>\n","protected":false},"excerpt":{"rendered":"<p>\u201cEstoy condenado a destripar el coraz\u00f3n de las ara\u00f1as, a poner los dedos dentro de la caldera de una flor\u201d (Santiago Azar) Vendr\u00e1n con antorchas encendidas, helando a su paso la sonrisa; poderosos caballeros de Quevedo, oligarcas vestidos de cordero.<\/p>\n<p> <a class=\"continue-reading-link\" href=\"https:\/\/www.canal-literatura.es\/Apoesia6\/578\/\"><span>Leer m\u00e1s<\/span><i class=\"crycon-right-dir\"><\/i><\/a> <\/p>\n","protected":false},"author":1,"featured_media":0,"comment_status":"open","ping_status":"open","sticky":false,"template":"","format":"standard","meta":[],"categories":[4],"tags":[],"amp_enabled":true,"_links":{"self":[{"href":"https:\/\/www.canal-literatura.es\/Apoesia6\/wp-json\/wp\/v2\/posts\/578"}],"collection":[{"href":"https:\/\/www.canal-literatura.es\/Apoesia6\/wp-json\/wp\/v2\/posts"}],"about":[{"href":"https:\/\/www.canal-literatura.es\/Apoesia6\/wp-json\/wp\/v2\/types\/post"}],"author":[{"embeddable":true,"href":"https:\/\/www.canal-literatura.es\/Apoesia6\/wp-json\/wp\/v2\/users\/1"}],"replies":[{"embeddable":true,"href":"https:\/\/www.canal-literatura.es\/Apoesia6\/wp-json\/wp\/v2\/comments?post=578"}],"version-history":[{"count":0,"href":"https:\/\/www.canal-literatura.es\/Apoesia6\/wp-json\/wp\/v2\/posts\/578\/revisions"}],"wp:attachment":[{"href":"https:\/\/www.canal-literatura.es\/Apoesia6\/wp-json\/wp\/v2\/media?parent=578"}],"wp:term":[{"taxonomy":"category","embeddable":true,"href":"https:\/\/www.canal-literatura.es\/Apoesia6\/wp-json\/wp\/v2\/categories?post=578"},{"taxonomy":"post_tag","embeddable":true,"href":"https:\/\/www.canal-literatura.es\/Apoesia6\/wp-json\/wp\/v2\/tags?post=578"}],"curies":[{"name":"wp","href":"https:\/\/api.w.org\/{rel}","templated":true}]}}