{"id":585,"date":"2011-01-02T12:24:15","date_gmt":"2011-01-02T11:24:15","guid":{"rendered":"https:\/\/www.canal-literatura.es\/Apoesia6\/?p=585"},"modified":"2011-01-02T12:24:15","modified_gmt":"2011-01-02T11:24:15","slug":"120-realidad-latente-por-india-de-los-montes","status":"publish","type":"post","link":"https:\/\/www.canal-literatura.es\/Apoesia6\/585\/","title":{"rendered":"120- Realidad latente. Por India de los Montes"},"content":{"rendered":"<p>Cuando el Sol salga de su \u00f3rbita<br \/>\ny la Tierra se encuentre colmada de fr\u00edo,<br \/>\nestar\u00e9 a tu lado, para llenarte de calor.<!--more--><\/p>\n<p>Miro al cielo preocupado,<br \/>\ny las aves que cruzan el espacio, me hacen ver que aun vivo.<br \/>\nLos sismos en el mundo entero, se aproximan a su destino,<br \/>\nver por ahora a los compa\u00f1eros de Hait\u00ed,<br \/>\nque corren como ofuscados.<\/p>\n<p>No soy digno de seguir viviendo entre otros,<br \/>\ngente, que si tiene a quien proteger;<br \/>\nse\u00f1oras que alimentan a las futuras generaciones<br \/>\n<strong><em>ni\u00f1os \u2013 ciudadanos<\/em>,<\/strong><br \/>\nque ayudar\u00e1n al origen de las emprendedoras naciones.<br \/>\nSeamos nosotros quienes dejemos alimentos a comer<br \/>\ny nazca un <strong>Mundo Nuevo <\/strong>de oportunidades<br \/>\npara los que ahora son hijos.<\/p>\n<p>La Fuerza de nuestro origen<br \/>\nnos env\u00eda a este mundo por una raz\u00f3n,<br \/>\nya en el mundo nos encontramos por diferentes senderos;<br \/>\npero, la cualidad del <strong><em>Ser<\/em><\/strong>,<br \/>\nes buscar atenuar el fr\u00edo con el calor,<br \/>\ny as\u00ed, abrigar el interior de nuestros compa\u00f1eros.<\/p>\n<p>Existe una idea que ronda en <strong><em>M\u00ed<\/em><\/strong>, por mucho tiempo atr\u00e1s,<br \/>\nme parece que no soy un escogido,<br \/>\npero, soy parte de este mundo;<br \/>\nno soy un santo, ni tampoco un perdido.<br \/>\nPasan los a\u00f1os, y sigue esa idea m\u00e1s fuerte que el hierro,<br \/>\ny <em><strong>Yo<\/strong><\/em>, ya no resisto.<\/p>\n","protected":false},"excerpt":{"rendered":"<p>Cuando el Sol salga de su \u00f3rbita y la Tierra se encuentre colmada de fr\u00edo, estar\u00e9 a tu lado, para llenarte de calor.<\/p>\n<p> <a class=\"continue-reading-link\" href=\"https:\/\/www.canal-literatura.es\/Apoesia6\/585\/\"><span>Leer m\u00e1s<\/span><i class=\"crycon-right-dir\"><\/i><\/a> <\/p>\n","protected":false},"author":1,"featured_media":0,"comment_status":"open","ping_status":"open","sticky":false,"template":"","format":"standard","meta":[],"categories":[4],"tags":[],"amp_enabled":true,"_links":{"self":[{"href":"https:\/\/www.canal-literatura.es\/Apoesia6\/wp-json\/wp\/v2\/posts\/585"}],"collection":[{"href":"https:\/\/www.canal-literatura.es\/Apoesia6\/wp-json\/wp\/v2\/posts"}],"about":[{"href":"https:\/\/www.canal-literatura.es\/Apoesia6\/wp-json\/wp\/v2\/types\/post"}],"author":[{"embeddable":true,"href":"https:\/\/www.canal-literatura.es\/Apoesia6\/wp-json\/wp\/v2\/users\/1"}],"replies":[{"embeddable":true,"href":"https:\/\/www.canal-literatura.es\/Apoesia6\/wp-json\/wp\/v2\/comments?post=585"}],"version-history":[{"count":0,"href":"https:\/\/www.canal-literatura.es\/Apoesia6\/wp-json\/wp\/v2\/posts\/585\/revisions"}],"wp:attachment":[{"href":"https:\/\/www.canal-literatura.es\/Apoesia6\/wp-json\/wp\/v2\/media?parent=585"}],"wp:term":[{"taxonomy":"category","embeddable":true,"href":"https:\/\/www.canal-literatura.es\/Apoesia6\/wp-json\/wp\/v2\/categories?post=585"},{"taxonomy":"post_tag","embeddable":true,"href":"https:\/\/www.canal-literatura.es\/Apoesia6\/wp-json\/wp\/v2\/tags?post=585"}],"curies":[{"name":"wp","href":"https:\/\/api.w.org\/{rel}","templated":true}]}}