{"id":612,"date":"2011-01-03T13:17:49","date_gmt":"2011-01-03T12:17:49","guid":{"rendered":"https:\/\/www.canal-literatura.es\/Apoesia6\/?p=612"},"modified":"2011-01-03T13:17:49","modified_gmt":"2011-01-03T12:17:49","slug":"127-el-roble-por-emili","status":"publish","type":"post","link":"https:\/\/www.canal-literatura.es\/Apoesia6\/612\/","title":{"rendered":"127- El roble. Por \u00c9mili"},"content":{"rendered":"<p>No quiero l\u00e1pidas en su sepultura,<br \/>\nNi ata\u00fades de madera,<br \/>\nNo entregar\u00e9 su cuerpo a los dioses;<br \/>\nLa castigaron a una muerte lenta. <!--more--><br \/>\nAbrir\u00e9 una zanja en Valderas,<br \/>\nDonde  escard\u00f3 y bin\u00f3 los majuelos,<br \/>\nDonde sentenciaron a su padre tras la guerra.<br \/>\nSer\u00e1 la tumba m\u00e1s hermosa.<br \/>\nLa cubrir\u00e9 de flores,<br \/>\nNacer\u00e1 la hierba,<br \/>\nPlantar\u00e9 un roble encima de ella,<br \/>\nY cuando crezca, en las fiestas,<br \/>\nBailaremos bajo su sombra,<br \/>\nY comulgaremos con sus bellotas.<br \/>\nExistir\u00e1 en nosotros<br \/>\nComo antes hemos vivido en ella.<br \/>\nNo habr\u00e1 m\u00e1s tristeza.<br \/>\nNo entreguemos m\u00e1s cuerpos a los dioses,<br \/>\nNo cubramos las tumbas con m\u00e1s piedras<br \/>\nNo los encerremos en m\u00e1s tristes ata\u00fades,<br \/>\nDestinados a morir,<br \/>\nNo anhelemos otros cielos y estrellas.<br \/>\nHollamos la m\u00e1s hermosa,<br \/>\nFund\u00e1monos con ella,<br \/>\nPlantemos \u00e1rboles sobre las sepulturas,<br \/>\nRobles, nogales, avellanos, vi\u00f1edos y huertas,<br \/>\nComamos de sus frutos y bebamos de sus cepas;<br \/>\nEl alma de nuestros padres vivir\u00e1 en nuestras venas.<br \/>\nNo entreguemos m\u00e1s cuerpos a los dioses,<br \/>\nNi m\u00e1s almas a errar con penas.<br \/>\n\u00bfD\u00f3nde las esconden? \u00bfQu\u00e9 hacen con ellas?<br \/>\nEl alma de nuestra madre vivir\u00e1 en el roble,<br \/>\nDonde anidar\u00e1n picamaderos y sietecolores.<br \/>\nAl salir de casa, la veremos altiva en la cuesta.<br \/>\nDe noche contemplar\u00e1 la luna y las estrellas,<br \/>\nLa mecer\u00e1 el viento y la ba\u00f1ar\u00e1 la lluvia,<br \/>\nY florecer\u00e1 en primavera.<br \/>\nNo quiero  m\u00e1s cuerpos bajo las losas,<br \/>\nNi m\u00e1s almas perdidas en la noche de tinieblas,<br \/>\nAteridas de  miedo y fr\u00edo<br \/>\nBuscando la puerta de alg\u00fan Cielo,<br \/>\nPidiendo perdones a los dioses.<br \/>\nLas gracias y perdones, a los hombres.<br \/>\nNo m\u00e1s cementerios de fr\u00edas piedras;<br \/>\nLas piedras para las iglesias,<br \/>\nLos cuerpos y almas, de la tierra. <\/p>\n","protected":false},"excerpt":{"rendered":"<p>No quiero l\u00e1pidas en su sepultura, Ni ata\u00fades de madera, No entregar\u00e9 su cuerpo a los dioses; La castigaron a una muerte lenta.<\/p>\n<p> <a class=\"continue-reading-link\" href=\"https:\/\/www.canal-literatura.es\/Apoesia6\/612\/\"><span>Leer m\u00e1s<\/span><i class=\"crycon-right-dir\"><\/i><\/a> <\/p>\n","protected":false},"author":1,"featured_media":0,"comment_status":"open","ping_status":"open","sticky":false,"template":"","format":"standard","meta":[],"categories":[4],"tags":[],"amp_enabled":true,"_links":{"self":[{"href":"https:\/\/www.canal-literatura.es\/Apoesia6\/wp-json\/wp\/v2\/posts\/612"}],"collection":[{"href":"https:\/\/www.canal-literatura.es\/Apoesia6\/wp-json\/wp\/v2\/posts"}],"about":[{"href":"https:\/\/www.canal-literatura.es\/Apoesia6\/wp-json\/wp\/v2\/types\/post"}],"author":[{"embeddable":true,"href":"https:\/\/www.canal-literatura.es\/Apoesia6\/wp-json\/wp\/v2\/users\/1"}],"replies":[{"embeddable":true,"href":"https:\/\/www.canal-literatura.es\/Apoesia6\/wp-json\/wp\/v2\/comments?post=612"}],"version-history":[{"count":0,"href":"https:\/\/www.canal-literatura.es\/Apoesia6\/wp-json\/wp\/v2\/posts\/612\/revisions"}],"wp:attachment":[{"href":"https:\/\/www.canal-literatura.es\/Apoesia6\/wp-json\/wp\/v2\/media?parent=612"}],"wp:term":[{"taxonomy":"category","embeddable":true,"href":"https:\/\/www.canal-literatura.es\/Apoesia6\/wp-json\/wp\/v2\/categories?post=612"},{"taxonomy":"post_tag","embeddable":true,"href":"https:\/\/www.canal-literatura.es\/Apoesia6\/wp-json\/wp\/v2\/tags?post=612"}],"curies":[{"name":"wp","href":"https:\/\/api.w.org\/{rel}","templated":true}]}}