{"id":712,"date":"2011-01-06T12:26:44","date_gmt":"2011-01-06T11:26:44","guid":{"rendered":"https:\/\/www.canal-literatura.es\/Apoesia6\/?p=712"},"modified":"2011-01-06T12:26:44","modified_gmt":"2011-01-06T11:26:44","slug":"154-pobre-vida-por-pablo-mistral","status":"publish","type":"post","link":"https:\/\/www.canal-literatura.es\/Apoesia6\/712\/","title":{"rendered":"154- Pobre vida. Por Pablo Mistral"},"content":{"rendered":"<p><em>\u00a1Oh, pobre vida!,<br \/>\nque un d\u00eda so\u00f1aste con primavera en el invierno,<br \/>\ndonde la bruma del mar destilara<br \/>\nel perfume c\u00e1ndido de una bergamota;<!--more--><br \/>\nsentimientos limpios de vanidad<br \/>\nalzando vuelo sin fronteras<br \/>\nen crep\u00fasculos ebrios<br \/>\nausentes de memorias.<\/p>\n<p>!Oh, pobre vida!,<br \/>\nque un d\u00eda so\u00f1aste divorciarte de placeres<br \/>\nfebriles que embriagaran mi existencia<br \/>\npara correr al lado n\u00fabil del amor,<br \/>\ndonde sus f\u00e9rtiles pasiones hiciesen estallar<br \/>\nbot\u00f3n de rosa, l\u00e1grimas de abril<br \/>\n y esparcir sensaciones pl\u00e1cidas de absoluci\u00f3n.<br \/>\n! Oh, pobre vida!,<br \/>\nque un d\u00eda so\u00f1aste en centella poes\u00eda,<br \/>\nnavegar sobre el alba a la orilla de luceros,<br \/>\ndeshojando estrellas sobre luna llena,<br \/>\ncantar tan dulce como el fino cardenal.<br \/>\n!Oh, pobre vida!,<br \/>\nque un d\u00eda so\u00f1aste escapar en desidia nost\u00e1lgica<br \/>\nde tierra est\u00e9ril a pasiones!<\/em><\/p>\n","protected":false},"excerpt":{"rendered":"<p>\u00a1Oh, pobre vida!, que un d\u00eda so\u00f1aste con primavera en el invierno, donde la bruma del mar destilara el perfume c\u00e1ndido de una bergamota;<\/p>\n<p> <a class=\"continue-reading-link\" href=\"https:\/\/www.canal-literatura.es\/Apoesia6\/712\/\"><span>Leer m\u00e1s<\/span><i class=\"crycon-right-dir\"><\/i><\/a> <\/p>\n","protected":false},"author":1,"featured_media":0,"comment_status":"open","ping_status":"open","sticky":false,"template":"","format":"standard","meta":[],"categories":[4],"tags":[],"amp_enabled":true,"_links":{"self":[{"href":"https:\/\/www.canal-literatura.es\/Apoesia6\/wp-json\/wp\/v2\/posts\/712"}],"collection":[{"href":"https:\/\/www.canal-literatura.es\/Apoesia6\/wp-json\/wp\/v2\/posts"}],"about":[{"href":"https:\/\/www.canal-literatura.es\/Apoesia6\/wp-json\/wp\/v2\/types\/post"}],"author":[{"embeddable":true,"href":"https:\/\/www.canal-literatura.es\/Apoesia6\/wp-json\/wp\/v2\/users\/1"}],"replies":[{"embeddable":true,"href":"https:\/\/www.canal-literatura.es\/Apoesia6\/wp-json\/wp\/v2\/comments?post=712"}],"version-history":[{"count":0,"href":"https:\/\/www.canal-literatura.es\/Apoesia6\/wp-json\/wp\/v2\/posts\/712\/revisions"}],"wp:attachment":[{"href":"https:\/\/www.canal-literatura.es\/Apoesia6\/wp-json\/wp\/v2\/media?parent=712"}],"wp:term":[{"taxonomy":"category","embeddable":true,"href":"https:\/\/www.canal-literatura.es\/Apoesia6\/wp-json\/wp\/v2\/categories?post=712"},{"taxonomy":"post_tag","embeddable":true,"href":"https:\/\/www.canal-literatura.es\/Apoesia6\/wp-json\/wp\/v2\/tags?post=712"}],"curies":[{"name":"wp","href":"https:\/\/api.w.org\/{rel}","templated":true}]}}