{"id":722,"date":"2011-01-06T12:37:04","date_gmt":"2011-01-06T11:37:04","guid":{"rendered":"https:\/\/www.canal-literatura.es\/Apoesia6\/?p=722"},"modified":"2011-01-06T12:37:04","modified_gmt":"2011-01-06T11:37:04","slug":"157-mi-noche-por-indortes","status":"publish","type":"post","link":"https:\/\/www.canal-literatura.es\/Apoesia6\/722\/","title":{"rendered":"157- Mi noche. Por Indortes"},"content":{"rendered":"<p>Se desploma el recuerdo en mi cama sombr\u00eda,<br \/>\nagotado de tormentos, de luchas, de infiernos.<br \/>\nSe dilatan los tiempos en mis noches fr\u00edas,<br \/>\nahogado de cementos, de injurias, de desiertos\u2026<!--more--><\/p>\n<p>Es la noche la m\u00e1s fiel de las amigas,<br \/>\nrecord\u00e1ndome  que aun siento, que aun vivo.<br \/>\nEs la noche la m\u00e1s fiel de las enemigas,<br \/>\nrecord\u00e1ndome que aun quiero lo que ya no est\u00e1 conmigo.<\/p>\n<p>M\u00edsero el recuerdo y m\u00edsera mi vieja rebeld\u00eda,<br \/>\nque agarrotan mi presente, enquistando mis heridas,<br \/>\ncubriendo mis sentidos de opaca espesura.<\/p>\n<p>Aguaceros de pasi\u00f3n y humillante melancol\u00eda,<br \/>\nse derrumban ante mi y ante mi alma perdida,<br \/>\nluchando por recuperar lo que un d\u00eda llam\u00e9 vida.<\/p>\n","protected":false},"excerpt":{"rendered":"<p>Se desploma el recuerdo en mi cama sombr\u00eda, agotado de tormentos, de luchas, de infiernos. Se dilatan los tiempos en mis noches fr\u00edas, ahogado de cementos, de injurias, de desiertos\u2026<\/p>\n<p> <a class=\"continue-reading-link\" href=\"https:\/\/www.canal-literatura.es\/Apoesia6\/722\/\"><span>Leer m\u00e1s<\/span><i class=\"crycon-right-dir\"><\/i><\/a> <\/p>\n","protected":false},"author":1,"featured_media":0,"comment_status":"open","ping_status":"open","sticky":false,"template":"","format":"standard","meta":[],"categories":[4],"tags":[],"amp_enabled":true,"_links":{"self":[{"href":"https:\/\/www.canal-literatura.es\/Apoesia6\/wp-json\/wp\/v2\/posts\/722"}],"collection":[{"href":"https:\/\/www.canal-literatura.es\/Apoesia6\/wp-json\/wp\/v2\/posts"}],"about":[{"href":"https:\/\/www.canal-literatura.es\/Apoesia6\/wp-json\/wp\/v2\/types\/post"}],"author":[{"embeddable":true,"href":"https:\/\/www.canal-literatura.es\/Apoesia6\/wp-json\/wp\/v2\/users\/1"}],"replies":[{"embeddable":true,"href":"https:\/\/www.canal-literatura.es\/Apoesia6\/wp-json\/wp\/v2\/comments?post=722"}],"version-history":[{"count":0,"href":"https:\/\/www.canal-literatura.es\/Apoesia6\/wp-json\/wp\/v2\/posts\/722\/revisions"}],"wp:attachment":[{"href":"https:\/\/www.canal-literatura.es\/Apoesia6\/wp-json\/wp\/v2\/media?parent=722"}],"wp:term":[{"taxonomy":"category","embeddable":true,"href":"https:\/\/www.canal-literatura.es\/Apoesia6\/wp-json\/wp\/v2\/categories?post=722"},{"taxonomy":"post_tag","embeddable":true,"href":"https:\/\/www.canal-literatura.es\/Apoesia6\/wp-json\/wp\/v2\/tags?post=722"}],"curies":[{"name":"wp","href":"https:\/\/api.w.org\/{rel}","templated":true}]}}