{"id":952,"date":"2011-01-09T13:51:54","date_gmt":"2011-01-09T12:51:54","guid":{"rendered":"https:\/\/www.canal-literatura.es\/Apoesia6\/?p=952"},"modified":"2011-01-09T13:51:54","modified_gmt":"2011-01-09T12:51:54","slug":"218-en-mi-ventana-por-aurora-boreal","status":"publish","type":"post","link":"https:\/\/www.canal-literatura.es\/Apoesia6\/952\/","title":{"rendered":"218- En mi ventana. Por Aurora Boreal"},"content":{"rendered":"<p>No s\u00e9 qu\u00e9 siento,<br \/>\npero si s\u00e9 que siento.<br \/>\nVibra mi coraz\u00f3n,<br \/>\nal sentir tus palabras,<br \/>\nescritas en la pantalla,<br \/>\nde mi triste ordenador.<!--more--><\/p>\n<p>No s\u00e9 la raz\u00f3n,<br \/>\npero me domina el coraz\u00f3n,<br \/>\nal querer conocerte,<br \/>\npor hablar contigo sin verte,<br \/>\nsin tocarte sin besarte,<br \/>\nconectados en la red los dos.<\/p>\n<p>Suspiro cuando te veo,<br \/>\nen una foto sin vida,<br \/>\ndivisando tu sonrisa,<br \/>\ny con la esperanza en mis ojos,<br \/>\nde querer alg\u00fan d\u00eda,<br \/>\ntener presente tu rostro.<\/p>\n<p>Ni un instante sin recordarte,<br \/>\nsin verte estoy impaciente,<br \/>\nno s\u00e9 si esto es amarte,<br \/>\no soledad solamente,<br \/>\ntal vez soy amante,<br \/>\nde un amor en mi mente.<\/p>\n","protected":false},"excerpt":{"rendered":"<p>No s\u00e9 qu\u00e9 siento, pero si s\u00e9 que siento. Vibra mi coraz\u00f3n, al sentir tus palabras, escritas en la pantalla, de mi triste ordenador.<\/p>\n<p> <a class=\"continue-reading-link\" href=\"https:\/\/www.canal-literatura.es\/Apoesia6\/952\/\"><span>Leer m\u00e1s<\/span><i class=\"crycon-right-dir\"><\/i><\/a> <\/p>\n","protected":false},"author":1,"featured_media":0,"comment_status":"open","ping_status":"open","sticky":false,"template":"","format":"standard","meta":[],"categories":[4],"tags":[],"amp_enabled":true,"_links":{"self":[{"href":"https:\/\/www.canal-literatura.es\/Apoesia6\/wp-json\/wp\/v2\/posts\/952"}],"collection":[{"href":"https:\/\/www.canal-literatura.es\/Apoesia6\/wp-json\/wp\/v2\/posts"}],"about":[{"href":"https:\/\/www.canal-literatura.es\/Apoesia6\/wp-json\/wp\/v2\/types\/post"}],"author":[{"embeddable":true,"href":"https:\/\/www.canal-literatura.es\/Apoesia6\/wp-json\/wp\/v2\/users\/1"}],"replies":[{"embeddable":true,"href":"https:\/\/www.canal-literatura.es\/Apoesia6\/wp-json\/wp\/v2\/comments?post=952"}],"version-history":[{"count":0,"href":"https:\/\/www.canal-literatura.es\/Apoesia6\/wp-json\/wp\/v2\/posts\/952\/revisions"}],"wp:attachment":[{"href":"https:\/\/www.canal-literatura.es\/Apoesia6\/wp-json\/wp\/v2\/media?parent=952"}],"wp:term":[{"taxonomy":"category","embeddable":true,"href":"https:\/\/www.canal-literatura.es\/Apoesia6\/wp-json\/wp\/v2\/categories?post=952"},{"taxonomy":"post_tag","embeddable":true,"href":"https:\/\/www.canal-literatura.es\/Apoesia6\/wp-json\/wp\/v2\/tags?post=952"}],"curies":[{"name":"wp","href":"https:\/\/api.w.org\/{rel}","templated":true}]}}