{"id":986,"date":"2011-01-09T14:53:03","date_gmt":"2011-01-09T13:53:03","guid":{"rendered":"https:\/\/www.canal-literatura.es\/Apoesia6\/?p=986"},"modified":"2011-01-09T14:53:03","modified_gmt":"2011-01-09T13:53:03","slug":"228-vivir-por-franciscana-del-norte","status":"publish","type":"post","link":"https:\/\/www.canal-literatura.es\/Apoesia6\/986\/","title":{"rendered":"228- Vivir. Por Franciscana del Norte"},"content":{"rendered":"<p>L\u00e1grimas traspasan la frontera corporal,<br \/>\nson unas gotas fr\u00edas que nacen d\u00eda a d\u00eda.<!--more--><br \/>\nY cuando nace el monstruo de doce cabezas<br \/>\nlos soldados de piedra, se re\u00fanen con los siete socios,<br \/>\npara planear la destrucci\u00f3n paulatina<br \/>\nde los seres que viven en la inquietante espera.<\/p>\n<p>Estoy perdido en medio de hojas secas,<br \/>\nlas cuales, vuelan sin peso por el violento aire.<br \/>\nEn lo alto del monte que cubre mi pueblo<br \/>\nse observan a las aves que buscan un cobijo<br \/>\nlejos de \u00e1rboles tristes,<br \/>\ny acerc\u00e1ndose,  buscan el abrigo humano<br \/>\ncon la fe de formar una alianza de vida.<\/p>\n<p>Por la calle repaso en mi mente,<br \/>\nmomentos de alegr\u00edas y penas.<br \/>\nEl fr\u00edo congela mi olfato, mi o\u00eddo\u2026mi todo,<br \/>\npareciera  que el aire me susurra,<br \/>\nextrae de mis uvas, el vino,<br \/>\nhace relucir el quejido mas escondido<br \/>\ny me detiene en medio del silencio.<\/p>\n<p>Las luces de estrellas parpadean,<br \/>\ny el agua en vapor se traslada<br \/>\nen medio de un oscuro reflejo.<br \/>\nMi pensamiento envejece,<br \/>\nmucho m\u00e1s que mi carne y cabello;<br \/>\nenvejece tanto, que pierdo la raz\u00f3n<br \/>\ny cual un loco, vivo en el pasado.<\/p>\n<p>Oigo en el silencio, un sonido ummmmm\u2026<br \/>\n\u00bfEstar\u00e1 el silencio meditando?<br \/>\nAlgo trata de decirme<br \/>\ny yo, sin poder entender los sonidos<br \/>\nlanzo gritos al aire;<br \/>\npero, el silencio absorbe todo<br \/>\npara retumbar en mi choza, su eco.<\/p>\n","protected":false},"excerpt":{"rendered":"<p>L\u00e1grimas traspasan la frontera corporal, son unas gotas fr\u00edas que nacen d\u00eda a d\u00eda.<\/p>\n<p> <a class=\"continue-reading-link\" href=\"https:\/\/www.canal-literatura.es\/Apoesia6\/986\/\"><span>Leer m\u00e1s<\/span><i class=\"crycon-right-dir\"><\/i><\/a> <\/p>\n","protected":false},"author":1,"featured_media":0,"comment_status":"open","ping_status":"open","sticky":false,"template":"","format":"standard","meta":[],"categories":[4],"tags":[],"amp_enabled":true,"_links":{"self":[{"href":"https:\/\/www.canal-literatura.es\/Apoesia6\/wp-json\/wp\/v2\/posts\/986"}],"collection":[{"href":"https:\/\/www.canal-literatura.es\/Apoesia6\/wp-json\/wp\/v2\/posts"}],"about":[{"href":"https:\/\/www.canal-literatura.es\/Apoesia6\/wp-json\/wp\/v2\/types\/post"}],"author":[{"embeddable":true,"href":"https:\/\/www.canal-literatura.es\/Apoesia6\/wp-json\/wp\/v2\/users\/1"}],"replies":[{"embeddable":true,"href":"https:\/\/www.canal-literatura.es\/Apoesia6\/wp-json\/wp\/v2\/comments?post=986"}],"version-history":[{"count":0,"href":"https:\/\/www.canal-literatura.es\/Apoesia6\/wp-json\/wp\/v2\/posts\/986\/revisions"}],"wp:attachment":[{"href":"https:\/\/www.canal-literatura.es\/Apoesia6\/wp-json\/wp\/v2\/media?parent=986"}],"wp:term":[{"taxonomy":"category","embeddable":true,"href":"https:\/\/www.canal-literatura.es\/Apoesia6\/wp-json\/wp\/v2\/categories?post=986"},{"taxonomy":"post_tag","embeddable":true,"href":"https:\/\/www.canal-literatura.es\/Apoesia6\/wp-json\/wp\/v2\/tags?post=986"}],"curies":[{"name":"wp","href":"https:\/\/api.w.org\/{rel}","templated":true}]}}