{"id":401,"date":"2012-05-16T00:00:53","date_gmt":"2012-05-15T22:00:53","guid":{"rendered":"https:\/\/www.canal-literatura.es\/Apoesia7\/?p=401"},"modified":"2012-05-16T00:00:53","modified_gmt":"2012-05-15T22:00:53","slug":"63-a-tiempo-por-orion","status":"publish","type":"post","link":"https:\/\/www.canal-literatura.es\/Apoesia7\/63-a-tiempo-por-orion\/","title":{"rendered":"63- A tiempo. Por Ori\u00f3n"},"content":{"rendered":"<p>Ya lo dijo el cielo pre\u00f1ado<br \/>\nde escurridizas sombras de p\u00e1jaro en el agua:<br \/>\n\u201cEl horizonte est\u00e1 cerca<br \/>\npero no llegar\u00e1s a tiempo\u201d.<!--more--><\/p>\n<p>Nos comportamos como j\u00f3venes ebrios de vida,<br \/>\ncon blancas alas de cera;<br \/>\nlas cosas nunca resultaron f\u00e1ciles, a pesar<br \/>\nde las estrellas fugaces<\/p>\n<p>Me ense\u00f1\u00f3 su \u00faltimo tatuaje en el brazo.<br \/>\n\u201cLo siento\u201d, quise decirle all\u00ed<br \/>\nbajo la lluvia.<br \/>\nLuces de ne\u00f3n<\/p>\n<p>marcaban el destino al final de la carretera<br \/>\nentre mudos esqueletos de \u00e1rboles.<br \/>\nCuando \u00e9l se asust\u00f3 de la luz blanca<br \/>\nEncendimos velas en la habitaci\u00f3n del motel.<\/p>\n<p>Se rasc\u00f3 con un dedo el coraz\u00f3n tatuado.<br \/>\n\u00bfPremonici\u00f3n? \u00bfY qu\u00e9<br \/>\n hacemos conmigo? Tambi\u00e9n me quema.<br \/>\nSe acost\u00f3 de espaldas. Suspir\u00f3 al aire:<\/p>\n<p>\u201cNo hubiera visto el sol sin estas alas, m\u00edralas, est\u00e1n rotas<br \/>\ny dentro de poco s\u00f3lo ser\u00e1n cera para velas de<br \/>\nmoteles oscuros. Pero hay algo que debes saber antes<br \/>\nde que me alcance el horizonte a destiempo, vida m\u00eda:<\/p>\n<p>Volver\u00eda a hacerlo\u201d.<\/p>\n","protected":false},"excerpt":{"rendered":"<p>Ya lo dijo el cielo pre\u00f1ado de escurridizas sombras de p\u00e1jaro en el agua: \u201cEl horizonte est\u00e1 cerca pero no llegar\u00e1s a tiempo\u201d.<\/p>\n","protected":false},"author":1,"featured_media":0,"comment_status":"open","ping_status":"open","sticky":false,"template":"","format":"standard","meta":[],"categories":[5],"tags":[10],"_links":{"self":[{"href":"https:\/\/www.canal-literatura.es\/Apoesia7\/wp-json\/wp\/v2\/posts\/401"}],"collection":[{"href":"https:\/\/www.canal-literatura.es\/Apoesia7\/wp-json\/wp\/v2\/posts"}],"about":[{"href":"https:\/\/www.canal-literatura.es\/Apoesia7\/wp-json\/wp\/v2\/types\/post"}],"author":[{"embeddable":true,"href":"https:\/\/www.canal-literatura.es\/Apoesia7\/wp-json\/wp\/v2\/users\/1"}],"replies":[{"embeddable":true,"href":"https:\/\/www.canal-literatura.es\/Apoesia7\/wp-json\/wp\/v2\/comments?post=401"}],"version-history":[{"count":0,"href":"https:\/\/www.canal-literatura.es\/Apoesia7\/wp-json\/wp\/v2\/posts\/401\/revisions"}],"wp:attachment":[{"href":"https:\/\/www.canal-literatura.es\/Apoesia7\/wp-json\/wp\/v2\/media?parent=401"}],"wp:term":[{"taxonomy":"category","embeddable":true,"href":"https:\/\/www.canal-literatura.es\/Apoesia7\/wp-json\/wp\/v2\/categories?post=401"},{"taxonomy":"post_tag","embeddable":true,"href":"https:\/\/www.canal-literatura.es\/Apoesia7\/wp-json\/wp\/v2\/tags?post=401"}],"curies":[{"name":"wp","href":"https:\/\/api.w.org\/{rel}","templated":true}]}}