{"id":515,"date":"2012-07-25T20:39:20","date_gmt":"2012-07-25T18:39:20","guid":{"rendered":"https:\/\/www.canal-literatura.es\/Apoesia7\/?p=515"},"modified":"2012-07-25T20:40:02","modified_gmt":"2012-07-25T18:40:02","slug":"entrevista-a-mari-cruz-aguera-en-directo-en-canal-literatura-de-irc-hispano","status":"publish","type":"post","link":"https:\/\/www.canal-literatura.es\/Apoesia7\/entrevista-a-mari-cruz-aguera-en-directo-en-canal-literatura-de-irc-hispano\/","title":{"rendered":"Entrevista a Mari Cruz Ag\u00fcera en directo en Canal #Literatura de IRC-Hispano"},"content":{"rendered":"<p style=\"text-align: center;\"><strong>\u00abYo creo que la ciencia plantea unas preguntas y la literatura a veces inventa las respuestas.\u00bb<\/strong><br \/>\n<img decoding=\"async\" loading=\"lazy\" class=\"aligncenter\" title=\"Mari Cruz Ag\u00fcera\" src=\"https:\/\/www.canal-literatura.es\/Apoesia7\/images\/Mari-Cruz-Aguera-canal.jpg\" alt=\"Mari Cruz Ag\u00fcera\" width=\"450\" height=\"203\" \/><\/p>\n<p style=\"text-align: center;\"><strong><span style=\"color: #333300;\">\u00abA mi me inspira la vida, lo que ocurre y lo que no, lo que veo y lo que imagino, cualquier cosa es motivo del poema porque en todo existe la poes\u00eda.\u00bb<\/span><\/strong><\/p>\n<p style=\"text-align: center;\">\u00a0<\/p>\n<address><span style=\"color: #666699;\">20:27\u00a0 literatura\u00a0 *** Mensaje Global (literatura -&gt; $*.irc-hispano.org): Entrevista en este momento en canal #literatura a Mari Cruz Ag\u00fcera, excelente poeta y jurado del VII Certamen \u00abPoemas sin Rostro\u00bb2012 Si quieres saber m\u00e1s sobre poes\u00eda, \u00a1Entra y haz tus preguntas! M\u00e1s informaci\u00f3n en <a href=\"https:\/\/www.canal-literatura.es\/\"><span style=\"color: #666699;\">https:\/\/www.canal-literatura.es\/<\/span><\/a> \u00a0o en <a href=\"https:\/\/www.irc-hispano.es\/\"><span style=\"color: #666699;\">https:\/\/www.irc-hispano.es\/<\/span><\/a><\/span><\/address>\n<p style=\"text-align: justify;\"><strong>@haddass<\/strong> \u00a6 Buenas noches a todos, vamos a comenzar la entrevista con MariCruzAguera, poeta y jurado del VII certamen \u00abPoemas sin Rostro\u201d 2012.\u00a0\u00a0\u00a0\u00a0\u00a0\u00a0\u00a0\u00a0\u00a0\u00a0\u00a0\u00a0\u00a0\u00a0\u00a0\u00a0\u00a0\u00a0\u00a0\u00a0<\/p>\n<p style=\"text-align: justify;\">MariCruzAguera \u00a0gan\u00f3 el segundo premio de este mismo certamen en el a\u00f1o 2007 adem\u00e1s de otros muchos, es una poeta extraordinaria y pod\u00e9is leer sobre ella en la siguiente p\u00e1gina: <a href=\"https:\/\/www.canal-literatura.es\/Apoesia7\/?page_id=432\">https:\/\/www.canal-literatura.es\/Apoesia7\/?page_id=432<\/a>\u00a0\u00a0 \u00a0as\u00ed como sus poemas en audio y texto en nuestra web. \u00a0Bienvenida MariCruzAguera \ud83d\ude42<\/p>\n<p style=\"text-align: justify;\">\u00a0<strong>@MariCruzAguera \u00a6 <\/strong>Hola, gracias por invitarme.<\/p>\n<p style=\"text-align: justify;\"><strong>@haddass \u00a6<\/strong> \u00bfQu\u00e9 tal el reencuentro con el chat?<\/p>\n<p style=\"text-align: justify;\"><strong>@MariCruzAguera \u00a6<\/strong> lo cierto es que ando muy desentrenada<\/p>\n<p style=\"text-align: justify;\"><strong>@haddass<\/strong> \u00a6 normal MariCruzAguera. Ahora otras redes son m\u00e1s sencillas, pero est\u00e1s entre amigos \ud83d\ude42<\/p>\n<p style=\"text-align: justify;\"><strong>@MariCruzAguera \u00a6<\/strong> de eso no me cabe duda, s\u00e9 que este es un canal de fieles seguidores<\/p>\n<p style=\"text-align: justify;\">@haddass \u00a6 vamos con las preguntas. \u00bfte parece?<!--more--><\/p>\n<p style=\"text-align: justify;\"><strong>@MariCruzAguera \u00a6<\/strong> adelante, a ver si consigo alg\u00fan quesito\u00a0<\/p>\n<ul style=\"text-align: justify;\">\n<li><strong>saez<\/strong> quiere preguntarte lo siguiente: El t\u00edtulo de su libro \u201cCardiopat\u00edas de amor\u201d me ha llamado mucho la atenci\u00f3n. \u00bfC\u00f3mo podr\u00eda hacerme con \u00e9l? \u00bfEl amor o la poes\u00eda pueden da\u00f1ar la salud?<\/li>\n<\/ul>\n<p><strong>@MariCruzAguera \u00a6<\/strong> saez, es un libro que puedes leer sin necesidad de comprar, est\u00e1 accesible en internet, deben quedar muchos ejemplares almacenados, porque creo que se vendieron dos y uno lo compr\u00f3 mi yerno. Y sinceramente creo que s\u00ed, que ambas cosas pueden da\u00f1ar la salud.\u00a0<\/p>\n<p>&nbsp;<\/p>\n<ul style=\"text-align: justify;\">\n<li><strong>ir888<\/strong> quiere preguntarte lo siguiente: \u00bfEs cierto que ha sido usuaria de este canal hace tiempo?<\/li>\n<\/ul>\n<p style=\"text-align: justify;\"><strong>@MariCruzAguera \u00a6<\/strong> S\u00ed, lo fui hace tiempo,\u00a0 y la verdad es que aun conservo algunos de los amigos que encontr\u00e9 aqu\u00ed.\u00a0<\/p>\n<p style=\"text-align: justify;\">\u00a0<\/p>\n<ul style=\"text-align: justify;\">\n<li><strong>aipoz<\/strong> quiere preguntarte lo siguiente: \u00bfcrees q si relevaran intelectuales por pol\u00edticos la crisis pasar\u00eda de largo?<\/li>\n<\/ul>\n<p style=\"text-align: justify;\"><strong>@MariCruzAguera \u00a6<\/strong> Sinceramente creo que si se relevara a los pol\u00edticos por cualquier otra cosa nos ir\u00eda mejor.<\/p>\n<p style=\"text-align: justify;\">\u00a0<\/p>\n<ul style=\"text-align: justify;\">\n<li><strong>batmanolo<\/strong> quiere preguntarte lo siguiente: Estoy realizando un poema titulado Vicente el motero del clot, \u00bfme animar\u00edas a seguir en el mundo de los poemas?\u00a0<\/li>\n<\/ul>\n<p style=\"text-align: justify;\"><strong>@MariCruzAguera \u00a6<\/strong> batmanolo, eso es algo que tendr\u00edas que preguntarte a ti mismo, yo solo te animo a ser honesto con lo que escribas.<\/p>\n<p style=\"text-align: justify;\">\u00a0<\/p>\n<ul style=\"text-align: justify;\">\n<li><strong>friedman<\/strong> quiere preguntarte lo siguiente: \u00bfQu\u00e9 opinas sobre el estado econ\u00f3mico de Espa\u00f1a y, en concreto, c\u00f3mo afecta a escritores y editoriales?\u00a0<\/li>\n<\/ul>\n<p style=\"text-align: justify;\"><strong>@MariCruzAguera \u00a6<\/strong> Opino que es una situaci\u00f3n complicada en la que debemos exigir mucho m\u00e1s de los que mandan. A los escritores les afecta como ciudadanos lo mismo que al resto, en cuanto al mundo editorial est\u00e1 sufriendo muy gravemente esta situaci\u00f3n. Por desgracia la cultura no parece un art\u00edculo de primera necesidad<\/p>\n<p style=\"text-align: justify;\">\u00a0<\/p>\n<ul style=\"text-align: justify;\">\n<li><strong>lunga<\/strong> quiere preguntarte lo siguiente: Conozco su amistad con S\u00e1nchez Rosillo \u00bfQu\u00e9 destacar\u00eda de su poes\u00eda? A m\u00ed me encanta que se entiende y emociona profundamente.<\/li>\n<\/ul>\n<p style=\"text-align: justify;\"><strong>@MariCruzAguera \u00a6<\/strong> lunga, de Eloy podr\u00eda hablar mucho m\u00e1s tiempo que dura este chat. Para m\u00ed es uno de los mejores poetas de nuestro tiempo, es claro como una l\u00e1mpara y a la vez tan profundo que nunca se acaba de explorar su poes\u00eda, siempre encuentras algo nuevo en ella, y la capacidad que tiene de reinventarse en cada libro. Sin duda es un grande, y no hablo as\u00ed de el por ser mi amigo, es que no hay mas remedio que reconocer la verdad<\/p>\n<p style=\"text-align: justify;\">\u00a0<\/p>\n<ul style=\"text-align: justify;\">\n<li><strong>fgn<\/strong> quiere preguntarte lo siguiente: \u00bfEn qu\u00e9 afecta la crisis a los poetas? \u00bfRealmente hay menos consumo de poes\u00eda y menos demanda de productos culturales este a\u00f1o?<\/li>\n<\/ul>\n<p style=\"text-align: justify;\"><strong>@MariCruzAguera \u00a6<\/strong> fgn, a esto te responder\u00eda casi mejor como vendedora que como poeta, se nota much\u00edsimo, el consumo de libros est\u00e1 muy por debajo del a\u00f1o anterior, lo de la poes\u00eda es caso aparte, la poes\u00eda editorialmente est\u00e1 siempre en crisis. Pero s\u00ed se nota que se han suspendido muchas convocatorias de premios este a\u00f1o.<\/p>\n<p style=\"text-align: justify;\">\u00a0<\/p>\n<ul style=\"text-align: justify;\">\n<li><strong>tarant0 <\/strong>quiere preguntarte lo siguiente: \u00bfEl deseo de inmortalizarse es lo que nos impulsa a escribir? \u00bfQu\u00e9 opina al respecto?<strong><\/strong><\/li>\n<\/ul>\n<p style=\"text-align: justify;\"><strong>@MariCruzAguera \u00a6<\/strong> \u00a0taranto0, creo que ese puede ser uno de los impulsos, el de dejar constancia de nuestro paso por el mundo, de hacer menos hueca nuestra existencia, de contar lo que sentimos, lo que fuimos.<\/p>\n<p style=\"text-align: justify;\">\u00a0<\/p>\n<ul style=\"text-align: justify;\">\n<li><strong>misha <\/strong>quiere preguntarte lo siguiente: \u00bfen qu\u00e9 te basas para tus poemas?<\/li>\n<\/ul>\n<p style=\"text-align: justify;\"><strong>@MariCruzAguera \u00a6<\/strong> \u00a0misha, esta es una de las preguntas m\u00e1s temidas para los poetas. Yo me confieso egoc\u00e9ntrica, porque me baso en mi existencia<\/p>\n<p style=\"text-align: justify;\">\u00a0<\/p>\n<ul style=\"text-align: justify;\">\n<li><strong>lacio<\/strong> quiere preguntarte lo siguiente: A veces intento explicar que me apasiona la poes\u00eda. Se puede vivir la poes\u00eda sin vivir de ella y compensa. \u00bfUsted me entiende?<\/li>\n<\/ul>\n<p style=\"text-align: justify;\"><strong>@MariCruzAguera \u00a6<\/strong> lacio, le entiendo mejor de lo que se imagina, yo me lo pregunto cada d\u00eda y algunos me respondo que s\u00ed, que compensa, otros me digo que todo es in\u00fatil, \u00bfusted me entiende?<\/p>\n<p style=\"text-align: justify;\">\u00a0<\/p>\n<ul style=\"text-align: justify;\">\n<li><strong>eearl<\/strong> quiere preguntarte lo siguiente: &lt;pregunta&gt; \u00bfPiensas en escribir para atender un mercado o es algo m\u00e1s personal para ti, como expresar algo y cosas m\u00e1s viscerales?<\/li>\n<\/ul>\n<p style=\"text-align: justify;\"><strong>@MariCruzAguera \u00a6<\/strong> eearl, ser\u00eda absurdo escribir para atender un mercado que no existe, yo s\u00f3lo escribo porque no s\u00e9 no hacerlo, yo siempre elegir\u00eda ser feliz sin escribir, que escribir sin llegar a serlo.<\/p>\n<p style=\"text-align: justify;\">\u00a0<\/p>\n<ul style=\"text-align: justify;\">\n<li><strong>markus<\/strong> quiere preguntarte lo siguiente: \u00bfPiensas como el poeta Al\u00ed Calder\u00f3n que la \u00abglobalizaci\u00f3n\u00bb ha hecho que se d\u00e9 un penoso desconocimiento de las diferentes poes\u00edas en espa\u00f1ol?<\/li>\n<\/ul>\n<p style=\"text-align: justify;\"><strong>@MariCruzAguera \u00a6<\/strong> markus, yo misma me sorprendo de la cantidad de poetas que desconozco, cada d\u00eda encuentro alguno nuevo,\u00a0 y no s\u00e9 si esto tiene que ver con la globalizaci\u00f3n, creo que tiene que ver mucho con la mala distribuci\u00f3n que tiene la poes\u00eda.<\/p>\n<p style=\"text-align: justify;\">\u00a0<\/p>\n<ul style=\"text-align: justify;\">\n<li><strong>incremento_de_x<\/strong> quiere preguntarte lo siguiente: \u00bfLa ciencia qu\u00e9 le puede envidiar a la literatura?<\/li>\n<\/ul>\n<p style=\"text-align: justify;\"><strong>@MariCruzAguera \u00a6<\/strong> Me gusta esta pregunta incremento_de_x. Yo creo que la ciencia plantea unas preguntas y la literatura a veces inventa las respuestas. Creo que no se envidian, si acaso se respetan, se complementan<\/p>\n<p style=\"text-align: justify;\">\u00a0<\/p>\n<ul style=\"text-align: justify;\">\n<li><strong>brisa<\/strong> quiere preguntarte lo siguiente: \u00bfQu\u00e9 te inspira?<\/li>\n<\/ul>\n<p style=\"text-align: justify;\"><strong>@MariCruzAguera \u00a6<\/strong> brisa, la otra pregunta temida de los poetas&#8230; A mi me inspira la vida, lo que ocurre y lo que no, lo que veo y lo que imagino, cualquier cosa es motivo del poema porque en todo existe la poes\u00eda.<\/p>\n<p style=\"text-align: justify;\">\u00a0<\/p>\n<ul style=\"text-align: justify;\">\n<li><strong>fgn<\/strong> quiere preguntarte lo siguiente: \u00bfCu\u00e1les son los poetas cl\u00e1sicos para ti, los inmortales que leer\u00edas una y otra vez?<\/li>\n<\/ul>\n<p style=\"text-align: justify;\"><strong>@MariCruzAguera \u00a6<\/strong> Becquer, Quevedo, Lope, Homero y much\u00edsimos m\u00e1s que se te ocurren. Pero estos son los que m\u00e1s releo<\/p>\n<p style=\"text-align: justify;\">\u00a0<\/p>\n<ul style=\"text-align: justify;\">\n<li><strong>asta<\/strong> quiere preguntarte lo siguiente: \u00bfHoy d\u00eda se puede vivir realmente de la poes\u00eda?<\/li>\n<\/ul>\n<p style=\"text-align: justify;\"><strong>@MariCruzAguera \u00a6<\/strong> No lo creo. Los poetas que conozco que viven de ella, tienen ya mucho renombre y en realidad de lo que viven es m\u00e1s de lo que hay alrededor de ella, dando conferencias o ejerciendo de jurados, cosas que tienen poco que ver con el acto de escribir, pero de vender libros no conozco a ninguno.<\/p>\n<p style=\"text-align: justify;\">\u00a0<\/p>\n<ul style=\"text-align: justify;\">\n<li><strong>karonte<\/strong> quiere preguntarte lo siguiente: crees que un poeta debe forzosamente dar a conocer sus escritos aunque sea a una minor\u00eda? no est\u00e1 el panorama como para pensar en llegar a ser reconocido<\/li>\n<\/ul>\n<p style=\"text-align: justify;\"><strong>@MariCruzAguera \u00a6<\/strong> karonte, no creo que un poeta debe dar a conocer forzosamente sus escritos, el poeta escribe para \u00e9l. Luego puede o no dar a conocer lo que escribe, pero la poes\u00eda es una acto de soledad. Obviamente una vez escrito seguro que siente el deseo de ense\u00f1arlo, pero puede pasar mucho tiempo hasta que surja ese deseo o necesidad, yo me pas\u00e9 muchos a\u00f1os escribiendo antes de que nadie supiera que lo hac\u00eda.<\/p>\n<p style=\"text-align: justify;\">\u00a0<\/p>\n<ul style=\"text-align: justify;\">\n<li><strong>mezcla <\/strong>quiere preguntarte lo siguiente: He le\u00eddo que gan\u00f3 su primer certamen en el colegio. \u00bfCree que la poes\u00eda es apreciada por los ni\u00f1os y se puede ense\u00f1ar a edad temprana?<\/li>\n<\/ul>\n<p style=\"text-align: justify;\"><strong>@MariCruzAguera \u00a6<\/strong> Creo que s\u00ed, que los ni\u00f1os son buenos receptores de la poes\u00eda. En mi experiencia en colegios, cuando he dado recitales he sentido much\u00edsimo la emoci\u00f3n de los ni\u00f1os, cuanto m\u00e1s peque\u00f1os m\u00e1s a\u00fan, en ellos la curiosidad est\u00e1 intacta y son muy receptivos. Hay que introducirla de forma que ellos la entiendan, eso s\u00ed. Hay muy buena poes\u00eda infantil.<\/p>\n<p style=\"text-align: justify;\">\u00a0<\/p>\n<ul style=\"text-align: justify;\">\n<li><strong>itimad <\/strong>quiere preguntarte lo siguiente: \u00bfqu\u00e9 piensas sobre los recortes?<\/li>\n<\/ul>\n<p style=\"text-align: justify;\"><strong>@MariCruzAguera \u00a6<\/strong> Uffff. \u00bfAlguien tiene una aspirina? Me da dolor de cabeza solo pensar en ello. Soy aut\u00f3noma, espero que eso responda a la pregunta<\/p>\n<p style=\"text-align: justify;\"><strong><span style=\"text-decoration: underline;\">\u00a0<\/span><\/strong><\/p>\n<ul style=\"text-align: justify;\">\n<li><strong>absolute<\/strong> quiere preguntarte lo siguiente: Cuando env\u00eda un trabajo a un certamen \u00bfQu\u00e9 espera adem\u00e1s de ganar? \u00bfQuiz\u00e1 que se publique?<\/li>\n<\/ul>\n<p style=\"text-align: justify;\"><strong>@MariCruzAguera \u00a6<\/strong> Absolute, me he presentado a pocos premios, pero s\u00ed que he buscado m\u00e1s que una dotaci\u00f3n econ\u00f3mica que tuviese edici\u00f3n. Hoy d\u00eda salvo para autores consagrados el camino m\u00e1s corto a la edici\u00f3n pasa por los premios, y aun as\u00ed es complicad\u00edsimo ganar uno-<\/p>\n<p style=\"text-align: justify;\"><strong><span style=\"text-decoration: underline;\">\u00a0<\/span><\/strong><\/p>\n<ul style=\"text-align: justify;\">\n<li><strong>viajera_frecuente<\/strong> quiere preguntarte lo siguiente: \u00bfA d\u00f3nde viajas para escribir?<\/li>\n<\/ul>\n<p style=\"text-align: justify;\">\u00a0<\/p>\n<p style=\"text-align: justify;\"><strong>@MariCruzAguera \u00a6<\/strong>\ud83d\ude42 Es un recorrido largu\u00edsimo a pesar de estar muy cerca, miro hacia dentro de m\u00ed. Donde esta el poeta est\u00e1 la poes\u00eda.<\/p>\n<p style=\"text-align: justify;\"><strong><span style=\"text-decoration: underline;\">\u00a0<\/span><\/strong><\/p>\n<ul style=\"text-align: justify;\">\n<li><strong>eearl <\/strong>quiere preguntarte lo siguiente: &lt;pregunta&gt; \u00bfPodr\u00edas definir lo que es para ti un buen poeta?<\/li>\n<\/ul>\n<p style=\"text-align: justify;\"><strong>@MariCruzAguera \u00a6<\/strong> eearl, el que es capaz de expresar la belleza con palabras y hacer que otros la sientan al leerla.<\/p>\n<p style=\"text-align: justify;\"><strong><span style=\"text-decoration: underline;\">\u00a0<\/span><\/strong><\/p>\n<ul style=\"text-align: justify;\">\n<li><strong>mendigo_empatico<\/strong> quiere preguntarte lo siguiente: Como prominente poetisa, \u00bfqu\u00e9 significa para ti el arte en general, y la poes\u00eda en particular?<\/li>\n<\/ul>\n<p style=\"text-align: justify;\"><strong>@MariCruzAguera \u00a6<\/strong> Bueno, tendr\u00e1s que explicarme que es eso de prominente poetisa. El arte para mi es la expresi\u00f3n de la hondura de los seres humanos, la poes\u00eda es mi idioma.<\/p>\n<p style=\"text-align: justify;\"><strong><span style=\"text-decoration: underline;\">\u00a0<\/span><\/strong><\/p>\n<ul style=\"text-align: justify;\">\n<li><strong>jerezanojoven18<\/strong> quiere preguntarte lo siguiente: \u00bfQu\u00e9 opinas sobre la literatura actual, y hacia d\u00f3nde crees que derivar\u00e1?<\/li>\n<\/ul>\n<p style=\"text-align: justify;\"><strong>@MariCruzAguera \u00a6<\/strong> Bueno, yo soy m\u00e1s lectora de poes\u00eda que de otra cosa, as\u00ed que no me atrevo a opinar sobre la literatura en general. Se consume mucho best seller. Pero en cualquier caso el futuro es bastante incierto<\/p>\n<p style=\"text-align: justify;\"><strong><span style=\"text-decoration: underline;\">\u00a0<\/span><\/strong><\/p>\n<ul style=\"text-align: justify;\">\n<li><strong>mendigo_empatico<\/strong> quiere preguntarte lo siguiente: \u00bfPuede la poes\u00eda ser una herramienta para el cambio social, humano y natural?<strong><\/strong><\/li>\n<\/ul>\n<p style=\"text-align: justify;\"><strong>@MariCruzAguera \u00a6<\/strong> ay mendigo, ojal\u00e1 lo fuera. Yo sigo pensando que la poes\u00eda es un arma cargada de futuro, soy una idealista, pero es porque amo la poes\u00eda y no soy objetiva.<\/p>\n<p style=\"text-align: justify;\"><strong><span style=\"text-decoration: underline;\">\u00a0<\/span><\/strong><\/p>\n<ul style=\"text-align: justify;\">\n<li><strong>incremento_de_x<\/strong> quiere preguntarte lo siguiente: \u00bfQu\u00e9 lees antes de dormir?<\/li>\n<\/ul>\n<p style=\"text-align: justify;\"><strong>@MariCruzAguera \u00a6<\/strong> Pues\u00a0 la mayor\u00eda de las veces poes\u00eda, pero tambi\u00e9n libros cl\u00e1sicos si leo en la cama porque mi ebook est\u00e1 lleno de ellos y es muy c\u00f3modo.<\/p>\n<p style=\"text-align: justify;\"><strong><span style=\"text-decoration: underline;\">\u00a0<\/span><\/strong><\/p>\n<ul style=\"text-align: justify;\">\n<li><strong>Sarastro <\/strong>quiere preguntarte lo siguiente: ok, me gustar\u00eda saber que piensa sobre los q bajamos libros al ebook de paginas piratas, pasar\u00e1 lo mismo q con sgae a la larga?<\/li>\n<\/ul>\n<p style=\"text-align: justify;\"><strong>@MariCruzAguera \u00a6<\/strong> No tengo nada en contra de quien baja libros por internet, ojal\u00e1 pirateasen los m\u00edos. Jam\u00e1s he pensado vivir de la poes\u00eda, el que quiera alguno, se lo mando en pdf. Los libros deber\u00edan leerse, \u00bfno est\u00e1n en las bibliotecas? Lo importante es que se lean.<\/p>\n<p style=\"text-align: justify;\">\u00a0<\/p>\n<ul style=\"text-align: justify;\">\n<li><strong>guardiana_averno<\/strong> quiere preguntarte lo siguiente: mi pregunta es que la motiva mas al escribir vivencias o imaginaci\u00f3n gracias<\/li>\n<\/ul>\n<p style=\"text-align: justify;\"><strong>@MariCruzAguera \u00a6<\/strong> guardiana, cuando era m\u00e1s joven la imaginaci\u00f3n, sin duda, pero a mi edad s\u00f3lo cuentan las vivencias.<\/p>\n<p style=\"text-align: justify;\"><strong><span style=\"text-decoration: underline;\">\u00a0<\/span><\/strong><\/p>\n<ul style=\"text-align: justify;\">\n<li><strong>ignia <\/strong>quiere preguntarte lo siguiente: \u00bfHa le\u00eddo los poemas a concurso? Participo por tercera vez, y siempre aprendo, pero nunca alcanzo una final. Debo persistir \u00bfno?<\/li>\n<\/ul>\n<p style=\"text-align: justify;\"><strong>@MariCruzAguera \u00a6<\/strong> \u00a0Los he le\u00eddo todos. No desesperes por eso, s\u00e9 de muy buenos poetas que no llegaron a finalistas de alg\u00fan premio y luego ganaron en otro. Los concursos son complicados, en poes\u00eda tambi\u00e9n tiene mucho que ver el gusto del lector. Si tu sientes la necesidad de escribir, hazlo, lo dem\u00e1s si tiene que venir vendr\u00e1, no todo el mundo ha sido llamado por el camino de la poes\u00eda, pero todo el mundo tiene derecho a pasear por ese camino.<\/p>\n<p style=\"text-align: justify;\"><strong><span style=\"text-decoration: underline;\">\u00a0<\/span><\/strong><\/p>\n<ul style=\"text-align: justify;\">\n<li><strong>sr_pulpo<\/strong> quiere preguntarte lo siguiente: Es en la poes\u00eda, sin duda, donde hay menos distancia entre el yo y la p\u00e1gina, por eso a todos nos suena lo del yo po\u00e9tico, mientras que nos referimos al yo novel\u00edstico con aquello del \u00abnarrador\u00bb. Sin embargo, \u00bfno se le est\u00e1 dando demasiada importancia al poeta, en los \u00faltimos tiempos, por encima incluso de su obra? Hablo de fen\u00f3menos blogueros, de personaje-autor, al estilo Luna Miguel, sin entrar a debate.<\/li>\n<\/ul>\n<p style=\"text-align: justify;\"><strong>@MariCruzAguera \u00a6<\/strong> sr_pulpo, estoy de acuerdo que sucede en muchos casos. A veces hay nombres que ya merecen buenas cr\u00edticas incluso antes de leer sus libros y eso tambi\u00e9n crea opini\u00f3n. Siempre que encuentro alguno de estos fen\u00f3menos pienso en aquel cuento del traje nuevo del emperador y pienso si no ser\u00e9 la \u00fanica que lo ve desnudo&#8230;<\/p>\n<p style=\"text-align: justify;\"><strong><span style=\"text-decoration: underline;\">\u00a0<\/span><\/strong><\/p>\n<ul style=\"text-align: justify;\">\n<li><strong>karonte<\/strong> quiere preguntarte lo siguiente: \u00bfc\u00f3mo surgi\u00f3 su inquietud por la poes\u00eda? \u00bfes autodidacta? crees que un poeta autodidacta puede mejorar con el tiempo?<\/li>\n<\/ul>\n<p style=\"text-align: justify;\"><strong>@MariCruzAguera \u00a6<\/strong> \u00a0Mi inquietud por la poes\u00eda me vino casi de serie, me fascinaba escuchar recitar a mi padre aun sin entender una palabra de lo que dec\u00eda, era una cr\u00eda y aprend\u00eda de memoria los versos y los recitaba como un lorito. Luego quise hacerlos yo misma, y parece que no se me daba mal. Pero obviamente el tiempo y sobre todo las lecturas son los que me han hecho mejorar, si no aun escribir\u00eda rimas empalagosas en octos\u00edlabos.<\/p>\n<p style=\"text-align: justify;\">\u00a0<\/p>\n<p><strong>@haddass <\/strong>\u00a6 Si os parece vamoa a poner una poes\u00eda de MariCruzAguera.<\/p>\n<p>&nbsp;<\/p>\n<p style=\"text-align: justify;\">\u00a0<\/p>\n<p style=\"text-align: justify;\"><strong>\u00abLuces y sombras\u00bb, de Mari Cruz Ag\u00fcera<\/strong><\/p>\n<p style=\"text-align: justify;\">Nadie repetir\u00e1 el camino que ahora emprendo<br \/>\ncon tanto af\u00e1n, con este mismo paso;<br \/>\nel in\u00e9dito pulso de mis huellas<br \/>\nme convierte en su due\u00f1a al invadirlo.<br \/>\nEste agreste lugar tan apartado,<br \/>\nque otro pudo tener en otra forma,<br \/>\njam\u00e1s conservar\u00e1 la misma pauta.<br \/>\nTodo est\u00e1 por andar y descubrirse<br \/>\ny ni siquiera el peso de otro cuerpo<br \/>\n-m\u00ednima violaci\u00f3n sobre la yerba<br \/>\ndescubierta de pronto- turbar\u00e1 mi ego\u00edsmo,<br \/>\ns\u00e9 que nadie ver\u00e1 morir la tarde<br \/>\ncon esta \u00faltima luz, desde estas sombras.<\/p>\n<p><em>Mari Cruz Ag\u00fcera, incluido en \u00c1mbito. Revista de poes\u00eda (M\u00e1laga, marzo de 2010, n\u00ba 2).<\/em><\/p>\n<p style=\"text-align: justify;\"><span style=\"text-decoration: underline;\">\u00a0<\/span><\/p>\n<p style=\"text-align: justify;\"><strong>@haddass \u00a6 <\/strong>[MariCruzAguera] quedan 38 preguntas \u00a0 \u00bfest\u00e1s cansada?<\/p>\n<p style=\"text-align: justify;\"><strong>@MariCruzAguera \u00a6<\/strong> 38?<\/p>\n<p style=\"text-align: justify;\"><strong>@haddass <\/strong>\u00a6 quiz\u00e1 deber\u00edas venir en otra ocasi\u00f3n \ud83d\ude42<\/p>\n<p style=\"text-align: justify;\"><strong>@MariCruzAguera \u00a6<\/strong> madre m\u00eda, no pens\u00e9 ni que me hicieran m\u00e1s de 3<\/p>\n<p style=\"text-align: justify;\">@haddass \u00a6 ponemos 5 mas y cerramos, \u00bfte parece?<\/p>\n<p style=\"text-align: justify;\"><strong>@MariCruzAguera \u00a6<\/strong> si, perfecto, le avisar\u00e9 a Sebasti\u00e1n que se deje la cena hecha cuando venga.<\/p>\n<p style=\"text-align: justify;\">\u00a0<\/p>\n<ul style=\"text-align: justify;\">\n<li><strong>fgn<\/strong> quiere preguntarte lo siguiente: Cuando te dicen: Poes\u00eda&#8230;eres t\u00fa, \u00bfqu\u00e9 les contestas?<\/li>\n<\/ul>\n<p style=\"text-align: justify;\"><strong>@MariCruzAguera \u00a6<\/strong> Que es verdad<\/p>\n<p style=\"text-align: justify;\">\u00a0<\/p>\n<ul style=\"text-align: justify;\">\n<li><strong>gatomotomon18a<\/strong> quiere preguntarte lo siguiente: Por curiosidad. \u00bfConoce la saga Cancion de Hielo y Fuego? Novelas DE FANTASIA. \u00bfLas conoce? \u00bfLas ha le\u00eddo?<\/li>\n<\/ul>\n<p style=\"text-align: justify;\"><strong>@MariCruzAguera \u00a6<\/strong> No la conozco, \u00bfme la recomiendas?<\/p>\n<p style=\"text-align: justify;\"><strong><span style=\"text-decoration: underline;\">\u00a0<\/span><\/strong><\/p>\n<ul style=\"text-align: justify;\">\n<li><strong>invitado-376446<\/strong> quiere preguntarte lo siguiente: \u00bfDe verdad le compensa ser poeta en el pa\u00eds de la Esteban y el Gran Hermano? \u00bfNo cree qu\u00e9 vivimos en un pa\u00eds de Quijotes?<\/li>\n<\/ul>\n<p style=\"text-align: justify;\"><strong>@MariCruzAguera \u00a6<\/strong> \u00a0invitado, la Esteban esa, \u00bfes poeta? No la he le\u00eddo. La poes\u00eda no compensa de casi nada y me salva de casi todo<\/p>\n<p style=\"text-align: justify;\"><strong><span style=\"text-decoration: underline;\">\u00a0<\/span><\/strong><\/p>\n<ul style=\"text-align: justify;\">\n<li><strong>anuais-<\/strong> quiere preguntarte lo siguiente: \u00bfComo surgen las ideas para escribir tus poemas y que mensaje quieres transmitir?<\/li>\n<\/ul>\n<p style=\"text-align: justify;\"><strong>@MariCruzAguera \u00a6<\/strong> anuais, qu\u00e9 alegr\u00eda verte por aqu\u00ed. Las ideas surgen casi siempre cuando estoy haciendo cualquier cosa que parece no tener nada que ver con ella, lo \u00fanico que hago es estar alerta para pillarlas en el momento. El mensaje depende del poema, pero no es tanto un mensaje en s\u00ed, sino una imagen, una instant\u00e1nea escrita de un sentimiento: de algo que te conmovi\u00f3, que te hizo reaccionar.<\/p>\n<p style=\"text-align: justify;\"><strong><span style=\"text-decoration: underline;\">\u00a0<\/span><\/strong><\/p>\n<ul style=\"text-align: justify;\">\n<li><strong>kania<\/strong> quiere preguntarte lo siguiente: \u00bfUna flor, un color, un libro, una canci\u00f3n y un sue\u00f1o?<\/li>\n<\/ul>\n<p style=\"text-align: justify;\"><strong>@MariCruzAguera \u00a6<\/strong> gerbera, azul, la odisea, aquellas peque\u00f1as cosas, que alguien me recuerde.<\/p>\n<p style=\"text-align: justify;\"><strong><span style=\"text-decoration: underline;\">@haddass \u00a6 <\/span><\/strong>Bueno, vamos despidiendo esta entrevista.<\/p>\n<p style=\"text-align: justify;\"><strong>@haddass \u00a6<\/strong><strong> Como dijimos en su presentaci\u00f3n en la web:<\/strong><strong> Mari Cruz Ag\u00fcera<\/strong> respira poes\u00eda por cada poro de su piel y sabe trasmitir esa pasi\u00f3n cuando recita y se iluminan sus ojos con un brillo especial. Su sonrisa abierta y generosa es una invitaci\u00f3n sincera a adentrarse en ese p\u00e1lpito po\u00e9tico creador que ella nos brinda en hermosos y cuidados poemas plenos de sensibilidad y que nos muestran la vida con todos sus matices.<\/p>\n<p style=\"text-align: justify;\">Como habitante de Canal Literatura desde sus inicios, es una internauta experta que comprende muy bien el medio virtual y tambi\u00e9n el formato de este certamen.<\/p>\n<p style=\"text-align: justify;\"><strong>@MariCruzAguera \u00a6<\/strong> muchas gracias por invitarme, ha sido muy interesante, me han gustado mucho las preguntas y compartir esta charla con vosotros\/as<\/p>\n<p style=\"text-align: justify;\"><strong>@haddass \u00a6 <\/strong>[MariCruzAguera] gracias por ayudarnos siempre, por estar ah\u00ed, por brindarnos tus poemas, por ser esa gran persona que eres. Un fort\u00edsimo abrazo \ud83d\ude42<strong><\/strong><\/p>\n<p style=\"text-align: justify;\"><strong>\u00a0\u00a0 @MariCruzAguera \u00a6 Un abrazo para todos\/as<\/strong><\/p>\n<p style=\"text-align: justify;\">\u00a0 <strong>@haddass \u00a6<\/strong> Gracias a todos por participar y por vuestras preguntas.<\/p>\n","protected":false},"excerpt":{"rendered":"<p>\u00abYo creo que la ciencia plantea unas preguntas y la literatura a veces inventa las respuestas.\u00bb \u00abA mi me inspira la vida, lo que ocurre y lo que no, lo que veo y lo que imagino, cualquier cosa es motivo &hellip; <a href=\"https:\/\/www.canal-literatura.es\/Apoesia7\/entrevista-a-mari-cruz-aguera-en-directo-en-canal-literatura-de-irc-hispano\/\">Sigue leyendo <span class=\"meta-nav\">&rarr;<\/span><\/a><\/p>\n","protected":false},"author":1,"featured_media":0,"comment_status":"open","ping_status":"open","sticky":false,"template":"","format":"standard","meta":[],"categories":[18],"tags":[20,19,17],"_links":{"self":[{"href":"https:\/\/www.canal-literatura.es\/Apoesia7\/wp-json\/wp\/v2\/posts\/515"}],"collection":[{"href":"https:\/\/www.canal-literatura.es\/Apoesia7\/wp-json\/wp\/v2\/posts"}],"about":[{"href":"https:\/\/www.canal-literatura.es\/Apoesia7\/wp-json\/wp\/v2\/types\/post"}],"author":[{"embeddable":true,"href":"https:\/\/www.canal-literatura.es\/Apoesia7\/wp-json\/wp\/v2\/users\/1"}],"replies":[{"embeddable":true,"href":"https:\/\/www.canal-literatura.es\/Apoesia7\/wp-json\/wp\/v2\/comments?post=515"}],"version-history":[{"count":0,"href":"https:\/\/www.canal-literatura.es\/Apoesia7\/wp-json\/wp\/v2\/posts\/515\/revisions"}],"wp:attachment":[{"href":"https:\/\/www.canal-literatura.es\/Apoesia7\/wp-json\/wp\/v2\/media?parent=515"}],"wp:term":[{"taxonomy":"category","embeddable":true,"href":"https:\/\/www.canal-literatura.es\/Apoesia7\/wp-json\/wp\/v2\/categories?post=515"},{"taxonomy":"post_tag","embeddable":true,"href":"https:\/\/www.canal-literatura.es\/Apoesia7\/wp-json\/wp\/v2\/tags?post=515"}],"curies":[{"name":"wp","href":"https:\/\/api.w.org\/{rel}","templated":true}]}}