{"id":595,"date":"2013-03-24T13:53:38","date_gmt":"2013-03-24T11:53:38","guid":{"rendered":"https:\/\/www.canal-literatura.es\/Apoesia7\/?p=595"},"modified":"2018-12-06T14:19:07","modified_gmt":"2018-12-06T12:19:07","slug":"ganadores-del-vii-certamen-pomas-sin-rostro-2012-entrega-de-premios-2013","status":"publish","type":"post","link":"https:\/\/www.canal-literatura.es\/Apoesia7\/ganadores-del-vii-certamen-pomas-sin-rostro-2012-entrega-de-premios-2013\/","title":{"rendered":"Ganadores del VII Certamen \u00abPomas sin Rostro\u00bb 2012 &#8211; Entrega de premios 2013"},"content":{"rendered":"<p><a href=\"https:\/\/www.canal-literatura.es\/Apoesia7\/wp\/wp-content\/uploads\/2013\/03\/ganadores.jpg\"><img decoding=\"async\" loading=\"lazy\" class=\"aligncenter size-full wp-image-599\" src=\"https:\/\/www.canal-literatura.es\/Apoesia7\/wp\/wp-content\/uploads\/2013\/03\/ganadores.jpg\" alt=\"ganadores\" width=\"450\" height=\"160\" srcset=\"https:\/\/www.canal-literatura.es\/Apoesia7\/wp\/wp-content\/uploads\/2013\/03\/ganadores.jpg 450w, https:\/\/www.canal-literatura.es\/Apoesia7\/wp\/wp-content\/uploads\/2013\/03\/ganadores-300x107.jpg 300w, https:\/\/www.canal-literatura.es\/Apoesia7\/wp\/wp-content\/uploads\/2013\/03\/ganadores-148x53.jpg 148w, https:\/\/www.canal-literatura.es\/Apoesia7\/wp\/wp-content\/uploads\/2013\/03\/ganadores-31x11.jpg 31w, https:\/\/www.canal-literatura.es\/Apoesia7\/wp\/wp-content\/uploads\/2013\/03\/ganadores-38x14.jpg 38w, https:\/\/www.canal-literatura.es\/Apoesia7\/wp\/wp-content\/uploads\/2013\/03\/ganadores-425x151.jpg 425w\" sizes=\"(max-width: 450px) 100vw, 450px\" \/><\/a>Tras la cena \u00a0entrega de premios celebrada esta noche en Murcia, se han dado a conocer el fallo del jurado y los tres ganadores de esta edici\u00f3n que son los siguientes:<\/p>\n<p><strong><span style=\"color: #993300;\">Primer premio<\/span>:<\/strong><br \/>\n<strong>\u00c1ngel D\u00edez \u00c1lvarez (Barcelona \u2013 Espa\u00f1a)<\/strong><br \/>\nCon el poema<strong> \u00a0<\/strong><a title=\"Enlace permanente a 27- Ocasos. Por Poeta de agua y sombras\" href=\"https:\/\/www.canal-literatura.es\/Apoesia7\/?p=231\" rel=\"bookmark\">27- Ocasos. Por Poeta de agua y sombras<\/a><\/p>\n<p><strong><span style=\"color: #993300;\">Segundo premio<\/span><\/strong><br \/>\n<strong><strong>Elena Marqu\u00e9s N\u00fa\u00f1ez (Sevilla \u2013 Espa\u00f1a)<\/strong><\/strong><br \/>\nque tambi\u00e9n a recogido<strong><strong> el Premio Especial del p\u00fablico.<\/strong><br \/>\n<\/strong>Con el poema\u00a0<a title=\"Enlace permanente a 61- Para m\u00ed las palabras. Por Marco Aurelio\" href=\"https:\/\/www.canal-literatura.es\/Apoesia7\/?p=391\" rel=\"bookmark\">61- Para m\u00ed las palabras. Por Marco Aurelio<\/a><strong><br \/>\n<\/strong><\/p>\n<p><span style=\"color: #993300;\"><strong>Tercer premio<\/strong><\/span><br \/>\n<strong><strong>Segismundo Fern\u00e1ndez Tiz\u00f3n Orense (Orense \u2013 Espa\u00f1a)\u00a0<\/strong><\/strong><br \/>\nCon el poema\u00a0<a title=\"Enlace permanente a 57-Te esperar\u00e9. Por Barbastristes\" href=\"https:\/\/www.canal-literatura.es\/Apoesia7\/?p=372\" rel=\"bookmark\">57-Te esperar\u00e9. Por Barbastristes<\/a><\/p>\n<p>Enhorabuena a los tres ganadores y como siempre, gracias a todos por participar y colaborar \u00a0con tanta ilusi\u00f3n en todo el proceso de esta edici\u00f3n.<\/p>\n<p style=\"text-align: center;\"><strong>Entrega de premios &#8211; V\u00eddeos en La verdad.es<\/strong><\/p>\n<p><center><a href=\"https:\/\/www.laverdad.es\/videos\/murcia\/region-de-murcia\/2246576153001-canal-literatura-presenta-obras-autores.html?edition=murcia\" target=\"_blank\" rel=\"noopener\"><img decoding=\"async\" loading=\"lazy\" class=\"aligncenter size-full wp-image-40483\" src=\"https:\/\/canal-literatura.com\/wp-content\/uploads\/2013\/05\/entrega-2013-laverdad.jpg\" alt=\"entrega 2013-laverdad\" width=\"695\" height=\"389\" \/><\/a><\/center><\/p>\n<div style=\"display: none;\"><a href=\"https:\/\/www.laverdad.es\/videos\/murcia\/region-de-murcia\/2246576153001-canal-literatura-presenta-obras-autores.html\">Canal Literatura presenta las obras de sus autores<\/a><br \/>\nen<br \/>\n<a title=\"Videos\" href=\"https:\/\/www.laverdad.es\/murcia\/video\">Videos<\/a><\/div>\n<p>Ver repercusi\u00f3n en prensa escrita en <a href=\"https:\/\/canal-literatura.com\/blog\/noticias\/repersion-en-los-medios-de-la-entrega-de-premios-2013-vudeo-de-laverdad-es\/\" target=\"_blank\" rel=\"noopener\">ESTE ENLACE<\/a><\/p>\n<p>Puedes leer la cr\u00f3nica del \u00abMomento Ganador\u00bb en el men\u00fa principal pinchando en <a href=\"https:\/\/www.canal-literatura.es\/Apoesia7\/?page_id=613\" target=\"_blank\" rel=\"noopener\">GANADORES Y CR\u00d3NICAS<\/a><\/p>\n","protected":false},"excerpt":{"rendered":"<p>Tras la cena \u00a0entrega de premios celebrada esta noche en Murcia, se han dado a conocer el fallo del jurado y los tres ganadores de esta edici\u00f3n que son los siguientes: Primer premio: \u00c1ngel D\u00edez \u00c1lvarez (Barcelona \u2013 Espa\u00f1a) Con &hellip; <a href=\"https:\/\/www.canal-literatura.es\/Apoesia7\/ganadores-del-vii-certamen-pomas-sin-rostro-2012-entrega-de-premios-2013\/\">Sigue leyendo <span class=\"meta-nav\">&rarr;<\/span><\/a><\/p>\n","protected":false},"author":1,"featured_media":0,"comment_status":"open","ping_status":"open","sticky":false,"template":"","format":"standard","meta":[],"categories":[4],"tags":[],"_links":{"self":[{"href":"https:\/\/www.canal-literatura.es\/Apoesia7\/wp-json\/wp\/v2\/posts\/595"}],"collection":[{"href":"https:\/\/www.canal-literatura.es\/Apoesia7\/wp-json\/wp\/v2\/posts"}],"about":[{"href":"https:\/\/www.canal-literatura.es\/Apoesia7\/wp-json\/wp\/v2\/types\/post"}],"author":[{"embeddable":true,"href":"https:\/\/www.canal-literatura.es\/Apoesia7\/wp-json\/wp\/v2\/users\/1"}],"replies":[{"embeddable":true,"href":"https:\/\/www.canal-literatura.es\/Apoesia7\/wp-json\/wp\/v2\/comments?post=595"}],"version-history":[{"count":0,"href":"https:\/\/www.canal-literatura.es\/Apoesia7\/wp-json\/wp\/v2\/posts\/595\/revisions"}],"wp:attachment":[{"href":"https:\/\/www.canal-literatura.es\/Apoesia7\/wp-json\/wp\/v2\/media?parent=595"}],"wp:term":[{"taxonomy":"category","embeddable":true,"href":"https:\/\/www.canal-literatura.es\/Apoesia7\/wp-json\/wp\/v2\/categories?post=595"},{"taxonomy":"post_tag","embeddable":true,"href":"https:\/\/www.canal-literatura.es\/Apoesia7\/wp-json\/wp\/v2\/tags?post=595"}],"curies":[{"name":"wp","href":"https:\/\/api.w.org\/{rel}","templated":true}]}}