{"id":187,"date":"2005-05-28T12:26:42","date_gmt":"2005-05-28T11:26:42","guid":{"rendered":"https:\/\/www.canal-literatura.es\/certamen\/?p=187"},"modified":"2018-02-27T22:44:47","modified_gmt":"2018-02-27T21:44:47","slug":"cronica-de-la-entrega-de-premios-2005-en-anika-entre-libros","status":"publish","type":"post","link":"https:\/\/www.canal-literatura.es\/certamen\/?p=187","title":{"rendered":"Cr\u00f3nica de la entrega de premios 2005 en \u201dAnika entre Libros\u201d"},"content":{"rendered":"<div class=\"pdfprnt-buttons pdfprnt-buttons-post pdfprnt-top-right\"><a href=\"https:\/\/www.canal-literatura.es\/certamen\/index.php?rest_route=%2Fwp%2Fv2%2Fposts%2F187&print=pdf\" class=\"pdfprnt-button pdfprnt-button-pdf\" target=\"_blank\"><img src=\"https:\/\/canal-literatura.es\/certamen\/wp\/wp-content\/plugins\/pdf-print\/images\/pdf.png\" alt=\"image_pdf\" title=\"View PDF\" \/><\/a><a href=\"https:\/\/www.canal-literatura.es\/certamen\/index.php?rest_route=%2Fwp%2Fv2%2Fposts%2F187&print=print\" class=\"pdfprnt-button pdfprnt-button-print\" target=\"_blank\"><img src=\"https:\/\/canal-literatura.es\/certamen\/wp\/wp-content\/plugins\/pdf-print\/images\/print.png\" alt=\"image_print\" title=\"Print Content\" \/><\/a><\/div><p style=\"text-align: center;\"><a href=\"https:\/\/canal-literatura.com\/blog\/noticias\/cronica-de-la-entrega-de-premios-2005-en-anika-entre-libros\/\" target=\"_blank\" rel=\"noopener\"><img decoding=\"async\" loading=\"lazy\" class=\"aligncenter wp-image-196 size-full\" src=\"https:\/\/canal-literatura.com\/certamen\/wp\/wp-content\/uploads\/2005\/05\/trofeos.jpg\" alt=\"\" width=\"299\" height=\"100\" \/><\/a><br \/>\nCr\u00f3nica de la entrega de premios 2005<\/p>\n<p style=\"text-align: justify;\">Anika, colaboradora del canal #literatura, alma y webmaster de una de las p\u00e1ginas literarias m\u00e1ss importantes del panorama cultural espa\u00f1ol en la red, publica una preciosa cr\u00f3nica de la entrega de premios 2005 firmada por <strong>Sextavoce<\/strong>. \u00a1No te la pierdas!<\/p>\n<p style=\"text-align: justify;\"><!--more--><br \/>\n\u201cAnika entre libros\u201d ha colaborado en en las dos ediciones de certamen de Narrativa Breve apoyando desde su p\u00e1gina esta iniciativa. Desde aqu\u00ed nuestro agradecimiento y cari\u00f1o.<\/p>\n<p><center><\/center><center>Pincha en la imagen para ver los detalles.<\/center><\/p>\n","protected":false},"excerpt":{"rendered":"<p>Cr\u00f3nica de la entrega de premios 2005 Anika, colaboradora del canal #literatura, alma y webmaster de una de las p\u00e1ginas literarias m\u00e1ss importantes del panorama cultural espa\u00f1ol en la red, publica una preciosa cr\u00f3nica de la entrega de premios 2005 firmada por Sextavoce. \u00a1No te la pierdas!<\/p>\n","protected":false},"author":1,"featured_media":0,"comment_status":"closed","ping_status":"closed","sticky":false,"template":"","format":"standard","meta":[],"categories":[3],"tags":[],"_links":{"self":[{"href":"https:\/\/www.canal-literatura.es\/certamen\/index.php?rest_route=\/wp\/v2\/posts\/187"}],"collection":[{"href":"https:\/\/www.canal-literatura.es\/certamen\/index.php?rest_route=\/wp\/v2\/posts"}],"about":[{"href":"https:\/\/www.canal-literatura.es\/certamen\/index.php?rest_route=\/wp\/v2\/types\/post"}],"author":[{"embeddable":true,"href":"https:\/\/www.canal-literatura.es\/certamen\/index.php?rest_route=\/wp\/v2\/users\/1"}],"replies":[{"embeddable":true,"href":"https:\/\/www.canal-literatura.es\/certamen\/index.php?rest_route=%2Fwp%2Fv2%2Fcomments&post=187"}],"version-history":[{"count":3,"href":"https:\/\/www.canal-literatura.es\/certamen\/index.php?rest_route=\/wp\/v2\/posts\/187\/revisions"}],"predecessor-version":[{"id":645,"href":"https:\/\/www.canal-literatura.es\/certamen\/index.php?rest_route=\/wp\/v2\/posts\/187\/revisions\/645"}],"wp:attachment":[{"href":"https:\/\/www.canal-literatura.es\/certamen\/index.php?rest_route=%2Fwp%2Fv2%2Fmedia&parent=187"}],"wp:term":[{"taxonomy":"category","embeddable":true,"href":"https:\/\/www.canal-literatura.es\/certamen\/index.php?rest_route=%2Fwp%2Fv2%2Fcategories&post=187"},{"taxonomy":"post_tag","embeddable":true,"href":"https:\/\/www.canal-literatura.es\/certamen\/index.php?rest_route=%2Fwp%2Fv2%2Ftags&post=187"}],"curies":[{"name":"wp","href":"https:\/\/api.w.org\/{rel}","templated":true}]}}